{"id":40593,"date":"2024-09-23T03:04:40","date_gmt":"2024-09-23T08:04:40","guid":{"rendered":"https:\/\/noticiasveracruz.com\/?p=40593"},"modified":"2024-09-22T23:20:44","modified_gmt":"2024-09-23T04:20:44","slug":"amlo-pide-humildad-y-honestidad-en-despedida-a-la-militancia-de-morena","status":"publish","type":"post","link":"https:\/\/noticiasveracruz.com\/index.php\/2024\/09\/23\/amlo-pide-humildad-y-honestidad-en-despedida-a-la-militancia-de-morena\/","title":{"rendered":"AMLO pide humildad y honestidad en despedida a la militancia de Morena"},"content":{"rendered":"<div>\n<p><span style=\"font-size: 14pt;\">En un discurso le\u00eddo por Alfonso Durazo, presidente del Consejo Nacional de Morena, en el marco del s\u00e9ptimo Congreso Nacional Extraordinario de Morena, donde se eligir\u00e1 a la pr\u00f3xima dirigencia del partido, el mandatario agradeci\u00f3 a los militantes del guinda por acompa\u00f1arlo en su lucha durante la Cuarta Transformaci\u00f3n.<\/span><\/p>\n<\/div>\n<div>\n<div>\n<div><span style=\"font-size: 14pt;\">Andr\u00e9s Manuel L\u00f3pez Obrador, presidente de M\u00e9xico, hizo un llamado a los militantes de Morena a mantener la unidad, la\u00a0humildad y la honestidad,\u00a0exhort\u00e1ndolos a evitar los \u00abvicios y perversiones de la pol\u00edtica\u00bb como el nepotismo, la corrupci\u00f3n y la soberbia.<\/span><\/div>\n<\/div>\n<div>\n<div id=\"readNote\">\n<p><span style=\"font-size: 14pt;\">En un discurso le\u00eddo por\u00a0Alfonso Durazo, presidente del Consejo Nacional de Morena, en el marco del s\u00e9ptimo Congreso Nacional Extraordinario de Morena, donde se eligir\u00e1 a la pr\u00f3xima dirigencia del partido, el mandatario agradeci\u00f3 a los militantes del guinda por acompa\u00f1arlo en su lucha durante la\u00a0Cuarta Transformaci\u00f3n.<\/span><\/p>\n<\/div>\n<\/div>\n<\/div>\n","protected":false},"excerpt":{"rendered":"<p>En un discurso le\u00eddo por Alfonso Durazo, presidente del Consejo Nacional de Morena, en el marco del s\u00e9ptimo Congreso Nacional<\/p>\n","protected":false},"author":4,"featured_media":40594,"comment_status":"closed","ping_status":"closed","sticky":false,"template":"","format":"standard","meta":{"colormag_page_container_layout":"default_layout","colormag_page_sidebar_layout":"default_layout","_jetpack_memberships_contains_paid_content":false,"footnotes":"","jetpack_publicize_message":"","jetpack_publicize_feature_enabled":true,"jetpack_social_post_already_shared":true,"jetpack_social_options":{"image_generator_settings":{"template":"highway","default_image_id":0,"font":"","enabled":false},"version":2}},"categories":[4],"tags":[],"class_list":["post-40593","post","type-post","status-publish","format-standard","has-post-thumbnail","hentry","category-nacional"],"jetpack_publicize_connections":[],"jetpack_featured_media_url":"https:\/\/noticiasveracruz.com\/wp-content\/uploads\/2024\/09\/amlo17sep.png_133334677.png","jetpack_sharing_enabled":true,"publishpress_future_action":{"enabled":false,"date":"2026-05-05 23:01:28","action":"change-status","newStatus":"draft","terms":[],"taxonomy":"category","extraData":[]},"publishpress_future_workflow_manual_trigger":{"enabledWorkflows":[]},"_links":{"self":[{"href":"https:\/\/noticiasveracruz.com\/index.php\/wp-json\/wp\/v2\/posts\/40593","targetHints":{"allow":["GET"]}}],"collection":[{"href":"https:\/\/noticiasveracruz.com\/index.php\/wp-json\/wp\/v2\/posts"}],"about":[{"href":"https:\/\/noticiasveracruz.com\/index.php\/wp-json\/wp\/v2\/types\/post"}],"author":[{"embeddable":true,"href":"https:\/\/noticiasveracruz.com\/index.php\/wp-json\/wp\/v2\/users\/4"}],"replies":[{"embeddable":true,"href":"https:\/\/noticiasveracruz.com\/index.php\/wp-json\/wp\/v2\/comments?post=40593"}],"version-history":[{"count":0,"href":"https:\/\/noticiasveracruz.com\/index.php\/wp-json\/wp\/v2\/posts\/40593\/revisions"}],"wp:featuredmedia":[{"embeddable":true,"href":"https:\/\/noticiasveracruz.com\/index.php\/wp-json\/wp\/v2\/media\/40594"}],"wp:attachment":[{"href":"https:\/\/noticiasveracruz.com\/index.php\/wp-json\/wp\/v2\/media?parent=40593"}],"wp:term":[{"taxonomy":"category","embeddable":true,"href":"https:\/\/noticiasveracruz.com\/index.php\/wp-json\/wp\/v2\/categories?post=40593"},{"taxonomy":"post_tag","embeddable":true,"href":"https:\/\/noticiasveracruz.com\/index.php\/wp-json\/wp\/v2\/tags?post=40593"}],"curies":[{"name":"wp","href":"https:\/\/api.w.org\/{rel}","templated":true}]}}