{"id":40590,"date":"2024-09-23T03:03:53","date_gmt":"2024-09-23T08:03:53","guid":{"rendered":"https:\/\/noticiasveracruz.com\/?p=40590"},"modified":"2024-09-22T23:12:48","modified_gmt":"2024-09-23T04:12:48","slug":"productores-solo-reciben-el-15-o-20-por-ciento-de-ganancia-por-sus-productos","status":"publish","type":"post","link":"https:\/\/noticiasveracruz.com\/index.php\/2024\/09\/23\/productores-solo-reciben-el-15-o-20-por-ciento-de-ganancia-por-sus-productos\/","title":{"rendered":"Productores solo reciben el 15 o 20 por ciento de ganancia por sus productos"},"content":{"rendered":"<p><span style=\"font-size: 14pt;\">A trav\u00e9s de eventos como los Mercados Solidarios y Tianguis Campesinos se permite acercar los productores al comprador final evitando a los intermediarios que se quedan con m\u00e1s del 80 por ciento de la ganancia, asever\u00f3 el titular de la Secretar\u00eda de Desarrollo Agropecuario, Rural y Pesca (SEDARPA), Evaristo Ovando Ram\u00edrez.<\/span><\/p>\n<p><span style=\"font-size: 14pt;\">Entrevistado desde Papantla, destac\u00f3 que se estima que los productores reciben apenan 15 al 20 por ciento del total de su producci\u00f3n.<\/span><\/p>\n<p><span style=\"font-size: 14pt;\">\u201cAcercar al productor a los consumidores para que tengan mayor ingreso, normalmente en el campo del 15 al 20 por ciento recibe el productor de lo paga el comprador final, quiere decir que hay otros productores de la cadena que se quedan con mayor porcentaje de lo que paga el consumidor.\u201d<\/span><\/p>\n<p><span style=\"font-size: 14pt;\">Destac\u00f3 que ante esta situaci\u00f3n es necesaria e importante la Ley de Alimentaci\u00f3n que sac\u00f3 el Senado de la Rep\u00fablica hace casi un mes, donde obliga a los municipios, estados y federaci\u00f3n que el 15 por ciento de los alimentos que consumen sean comprados a los peque\u00f1os productores.<\/span><\/p>\n<p><span style=\"font-size: 14pt;\">\u201cYa producimos, ya aumentamos la producci\u00f3n en las regiones, el tema es ahora d\u00f3nde lo vendemos, tenemos esos logros\u201d, dijo.<\/span><\/p>\n<p><span style=\"font-size: 14pt;\">Este viernes se llev\u00f3 a cabo la inauguraci\u00f3n del Tianguis Campesinos organizado por el programa Sembrando Vida en el municipio de Papantla, donde participaron peque\u00f1os productores beneficiaros del mismo en la regi\u00f3n.<\/span><\/p>\n","protected":false},"excerpt":{"rendered":"<p>A trav\u00e9s de eventos como los Mercados Solidarios y Tianguis Campesinos se permite acercar los productores al comprador final evitando<\/p>\n","protected":false},"author":4,"featured_media":40591,"comment_status":"closed","ping_status":"closed","sticky":false,"template":"","format":"standard","meta":{"colormag_page_container_layout":"default_layout","colormag_page_sidebar_layout":"default_layout","_jetpack_memberships_contains_paid_content":false,"footnotes":"","jetpack_publicize_message":"","jetpack_publicize_feature_enabled":true,"jetpack_social_post_already_shared":true,"jetpack_social_options":{"image_generator_settings":{"template":"highway","default_image_id":0,"font":"","enabled":false},"version":2}},"categories":[356],"tags":[],"class_list":["post-40590","post","type-post","status-publish","format-standard","has-post-thumbnail","hentry","category-veracruz"],"jetpack_publicize_connections":[],"jetpack_featured_media_url":"https:\/\/noticiasveracruz.com\/wp-content\/uploads\/2024\/09\/PRODUCTORES.jpg","jetpack_sharing_enabled":true,"publishpress_future_action":{"enabled":false,"date":"2026-05-05 22:55:35","action":"change-status","newStatus":"draft","terms":[],"taxonomy":"category","extraData":[]},"publishpress_future_workflow_manual_trigger":{"enabledWorkflows":[]},"_links":{"self":[{"href":"https:\/\/noticiasveracruz.com\/index.php\/wp-json\/wp\/v2\/posts\/40590","targetHints":{"allow":["GET"]}}],"collection":[{"href":"https:\/\/noticiasveracruz.com\/index.php\/wp-json\/wp\/v2\/posts"}],"about":[{"href":"https:\/\/noticiasveracruz.com\/index.php\/wp-json\/wp\/v2\/types\/post"}],"author":[{"embeddable":true,"href":"https:\/\/noticiasveracruz.com\/index.php\/wp-json\/wp\/v2\/users\/4"}],"replies":[{"embeddable":true,"href":"https:\/\/noticiasveracruz.com\/index.php\/wp-json\/wp\/v2\/comments?post=40590"}],"version-history":[{"count":0,"href":"https:\/\/noticiasveracruz.com\/index.php\/wp-json\/wp\/v2\/posts\/40590\/revisions"}],"wp:featuredmedia":[{"embeddable":true,"href":"https:\/\/noticiasveracruz.com\/index.php\/wp-json\/wp\/v2\/media\/40591"}],"wp:attachment":[{"href":"https:\/\/noticiasveracruz.com\/index.php\/wp-json\/wp\/v2\/media?parent=40590"}],"wp:term":[{"taxonomy":"category","embeddable":true,"href":"https:\/\/noticiasveracruz.com\/index.php\/wp-json\/wp\/v2\/categories?post=40590"},{"taxonomy":"post_tag","embeddable":true,"href":"https:\/\/noticiasveracruz.com\/index.php\/wp-json\/wp\/v2\/tags?post=40590"}],"curies":[{"name":"wp","href":"https:\/\/api.w.org\/{rel}","templated":true}]}}