{"id":40584,"date":"2024-09-23T03:01:57","date_gmt":"2024-09-23T08:01:57","guid":{"rendered":"https:\/\/noticiasveracruz.com\/?p=40584"},"modified":"2024-09-22T23:09:12","modified_gmt":"2024-09-23T04:09:12","slug":"continuara-ambiente-calido-en-veracruz","status":"publish","type":"post","link":"https:\/\/noticiasveracruz.com\/index.php\/2024\/09\/23\/continuara-ambiente-calido-en-veracruz\/","title":{"rendered":"Continuar\u00e1 ambiente c\u00e1lido en Veracruz"},"content":{"rendered":"<p><span style=\"font-size: 14pt;\">Hoy continuar\u00e1n los periodos de sol prolongados, ambiente diurno c\u00e1lido y probables lluvias, chubascos o tormentas aisladas en monta\u00f1as y zona sur. A partir de ma\u00f1ana aumenta gradualmente el potencial de lluvias.\u00a0<\/span><\/p>\n<p><span style=\"font-size: 14pt;\">La entrada de humedad en combinaci\u00f3n con los periodos de sol importantes ocasionar\u00e1n ambiente diurno c\u00e1lido y bochornoso en el estado de Veracruz, sin embargo, derivado del calentamiento diurno, la entrada de humedad y los efectos de la orograf\u00eda, adem\u00e1s de la presencia de vaguada de norte a centro del pa\u00eds y otra sobre el suroeste del Golfo de M\u00e9xico, podr\u00edan favorecer el desarrollo de nublados con potencial de lluvias, chubascos y tormentas aisladas por la tarde y noche en monta\u00f1as y zona sur.<\/span><\/p>\n<p><span style=\"font-size: 14pt;\">Finalmente, modelos de pron\u00f3stico contin\u00faan surgiendo aumento gradual en el potencial de lluvias a partir del lunes por la presencia de sistemas de baja presi\u00f3n al sur de las costas de Oaxaca Guerrero y noroeste del Mar Caribe.<\/span><\/p>\n","protected":false},"excerpt":{"rendered":"<p>Hoy continuar\u00e1n los periodos de sol prolongados, ambiente diurno c\u00e1lido y probables lluvias, chubascos o tormentas aisladas en monta\u00f1as y<\/p>\n","protected":false},"author":4,"featured_media":40585,"comment_status":"closed","ping_status":"closed","sticky":false,"template":"","format":"standard","meta":{"colormag_page_container_layout":"default_layout","colormag_page_sidebar_layout":"default_layout","_jetpack_memberships_contains_paid_content":false,"footnotes":"","jetpack_publicize_message":"","jetpack_publicize_feature_enabled":true,"jetpack_social_post_already_shared":true,"jetpack_social_options":{"image_generator_settings":{"template":"highway","default_image_id":0,"font":"","enabled":false},"version":2}},"categories":[356],"tags":[],"class_list":["post-40584","post","type-post","status-publish","format-standard","has-post-thumbnail","hentry","category-veracruz"],"jetpack_publicize_connections":[],"jetpack_featured_media_url":"https:\/\/noticiasveracruz.com\/wp-content\/uploads\/2024\/09\/continuara-ambiente-calido-en-veracruz-553072.jpeg","jetpack_sharing_enabled":true,"publishpress_future_action":{"enabled":false,"date":"2026-05-05 22:38:40","action":"change-status","newStatus":"draft","terms":[],"taxonomy":"category","extraData":[]},"publishpress_future_workflow_manual_trigger":{"enabledWorkflows":[]},"_links":{"self":[{"href":"https:\/\/noticiasveracruz.com\/index.php\/wp-json\/wp\/v2\/posts\/40584","targetHints":{"allow":["GET"]}}],"collection":[{"href":"https:\/\/noticiasveracruz.com\/index.php\/wp-json\/wp\/v2\/posts"}],"about":[{"href":"https:\/\/noticiasveracruz.com\/index.php\/wp-json\/wp\/v2\/types\/post"}],"author":[{"embeddable":true,"href":"https:\/\/noticiasveracruz.com\/index.php\/wp-json\/wp\/v2\/users\/4"}],"replies":[{"embeddable":true,"href":"https:\/\/noticiasveracruz.com\/index.php\/wp-json\/wp\/v2\/comments?post=40584"}],"version-history":[{"count":0,"href":"https:\/\/noticiasveracruz.com\/index.php\/wp-json\/wp\/v2\/posts\/40584\/revisions"}],"wp:featuredmedia":[{"embeddable":true,"href":"https:\/\/noticiasveracruz.com\/index.php\/wp-json\/wp\/v2\/media\/40585"}],"wp:attachment":[{"href":"https:\/\/noticiasveracruz.com\/index.php\/wp-json\/wp\/v2\/media?parent=40584"}],"wp:term":[{"taxonomy":"category","embeddable":true,"href":"https:\/\/noticiasveracruz.com\/index.php\/wp-json\/wp\/v2\/categories?post=40584"},{"taxonomy":"post_tag","embeddable":true,"href":"https:\/\/noticiasveracruz.com\/index.php\/wp-json\/wp\/v2\/tags?post=40584"}],"curies":[{"name":"wp","href":"https:\/\/api.w.org\/{rel}","templated":true}]}}