{"id":40581,"date":"2024-09-23T03:00:55","date_gmt":"2024-09-23T08:00:55","guid":{"rendered":"https:\/\/noticiasveracruz.com\/?p=40581"},"modified":"2024-09-22T23:07:40","modified_gmt":"2024-09-23T04:07:40","slug":"atropella-a-hombre-en-la-mexico-tuxpan","status":"publish","type":"post","link":"https:\/\/noticiasveracruz.com\/index.php\/2024\/09\/23\/atropella-a-hombre-en-la-mexico-tuxpan\/","title":{"rendered":"Atropella a hombre en la M\u00e9xico -Tuxpan"},"content":{"rendered":"<p><span style=\"font-size: 14pt;\">La noche de este s\u00e1bado un hombre fue atropellado sobre la autopista M\u00e9xico Tuxpan\u00a0 a la altura de la Calle General Silva de la congregaci\u00f3n de Santiago de la Pe\u00f1a, de esta localidad. y lamentablemente no sobrevivi\u00f3 a las heridas con las que result\u00f3.<\/span><\/p>\n<p><span style=\"font-size: 14pt;\">Los informes dan a conocer que la v\u00edctima se trata de un hombre de aproximadamente 35 a 40 a\u00f1os, de tes Moreno, complexi\u00f3n mediana, en cu\u00e1l se encontraba vestido con un pantal\u00f3n de mezclilla y una playera de color verde militar.\u00a0<\/span><\/p>\n<p><span style=\"font-size: 14pt;\">Elementos de la Polic\u00eda Municipal as\u00ed como de la Secretar\u00eda de Seguridad P\u00fablica del Estado y de la Guardia Nacional Divisi\u00f3n Carreteras tomaron conocimiento de lo sucedido y acordonar a la zona solicitando la intervenci\u00f3n del personal de la Fiscal\u00eda General del Estado para que acudiera ser las diligencias para el levantamiento del cuerpo.<\/span><\/p>\n","protected":false},"excerpt":{"rendered":"<p>La noche de este s\u00e1bado un hombre fue atropellado sobre la autopista M\u00e9xico Tuxpan\u00a0 a la altura de la Calle<\/p>\n","protected":false},"author":4,"featured_media":40582,"comment_status":"closed","ping_status":"closed","sticky":false,"template":"","format":"standard","meta":{"colormag_page_container_layout":"default_layout","colormag_page_sidebar_layout":"default_layout","_jetpack_memberships_contains_paid_content":false,"footnotes":"","jetpack_publicize_message":"","jetpack_publicize_feature_enabled":true,"jetpack_social_post_already_shared":true,"jetpack_social_options":{"image_generator_settings":{"template":"highway","default_image_id":0,"font":"","enabled":false},"version":2}},"categories":[356],"tags":[],"class_list":["post-40581","post","type-post","status-publish","format-standard","has-post-thumbnail","hentry","category-veracruz"],"jetpack_publicize_connections":[],"jetpack_featured_media_url":"https:\/\/noticiasveracruz.com\/wp-content\/uploads\/2024\/09\/atropella-a-hombre-en-la-mexico-tuxpan-553101.jpeg","jetpack_sharing_enabled":true,"publishpress_future_action":{"enabled":false,"date":"2026-05-05 22:31:05","action":"change-status","newStatus":"draft","terms":[],"taxonomy":"category","extraData":[]},"publishpress_future_workflow_manual_trigger":{"enabledWorkflows":[]},"_links":{"self":[{"href":"https:\/\/noticiasveracruz.com\/index.php\/wp-json\/wp\/v2\/posts\/40581","targetHints":{"allow":["GET"]}}],"collection":[{"href":"https:\/\/noticiasveracruz.com\/index.php\/wp-json\/wp\/v2\/posts"}],"about":[{"href":"https:\/\/noticiasveracruz.com\/index.php\/wp-json\/wp\/v2\/types\/post"}],"author":[{"embeddable":true,"href":"https:\/\/noticiasveracruz.com\/index.php\/wp-json\/wp\/v2\/users\/4"}],"replies":[{"embeddable":true,"href":"https:\/\/noticiasveracruz.com\/index.php\/wp-json\/wp\/v2\/comments?post=40581"}],"version-history":[{"count":0,"href":"https:\/\/noticiasveracruz.com\/index.php\/wp-json\/wp\/v2\/posts\/40581\/revisions"}],"wp:featuredmedia":[{"embeddable":true,"href":"https:\/\/noticiasveracruz.com\/index.php\/wp-json\/wp\/v2\/media\/40582"}],"wp:attachment":[{"href":"https:\/\/noticiasveracruz.com\/index.php\/wp-json\/wp\/v2\/media?parent=40581"}],"wp:term":[{"taxonomy":"category","embeddable":true,"href":"https:\/\/noticiasveracruz.com\/index.php\/wp-json\/wp\/v2\/categories?post=40581"},{"taxonomy":"post_tag","embeddable":true,"href":"https:\/\/noticiasveracruz.com\/index.php\/wp-json\/wp\/v2\/tags?post=40581"}],"curies":[{"name":"wp","href":"https:\/\/api.w.org\/{rel}","templated":true}]}}