{"id":40579,"date":"2024-09-23T06:04:18","date_gmt":"2024-09-23T11:04:18","guid":{"rendered":"https:\/\/noticiasveracruz.com\/?p=40579"},"modified":"2024-09-22T22:59:26","modified_gmt":"2024-09-23T03:59:26","slug":"zedillo-vs-amlo","status":"publish","type":"post","link":"https:\/\/noticiasveracruz.com\/index.php\/2024\/09\/23\/zedillo-vs-amlo\/","title":{"rendered":"ZEDILLO Vs. AMLO"},"content":{"rendered":"<p><span style=\"font-size: 14pt;\">Ahora que el presidente Ernesto Zedillo critic\u00f3 abiertamente a la reforma judicial en una reuni\u00f3n privada realizada en M\u00e9xico, evidentemente el presidente L\u00f3pez Obrador, -fiel a su estilo-, descalific\u00f3 a su antecesor y sac\u00f3 a relucir todos los estereotipados y reclamos que le endilga cada vez que de modo ocasional \u00e9ste ha hecho alg\u00fan comentario sobre el desempe\u00f1o de M\u00e9xico durante la presente administraci\u00f3n\u2026 pura palabrer\u00eda y demagogia.<\/span><\/p>\n<p><span style=\"font-size: 14pt;\">Sin embargo, L\u00f3pez Obrador nunca va a reconocer que Zedillo consolid\u00f3 la democracia en M\u00e9xico al facilitar la alternancia partidista, al entregar de modo pac\u00edfico y respetuoso la presidencia de la rep\u00fablica a un partido de oposici\u00f3n, poniendo fin al largo r\u00e9gimen pri\u00edsta. De este modo en el a\u00f1o 2000 se dieron las condiciones para que en 2018 L\u00f3pez Obrador llegase a ocupar la presidencia.<\/span><\/p>\n<p><span style=\"font-size: 14pt;\">En contraste, L\u00f3pez Obrador \u00a024 a\u00f1os despu\u00e9s, -de forma caprichosa y autoritaria-, presionando sutilmente a las instituciones electorales, obtuvo una sobrerrepresentaci\u00f3n legislativa en el Senado que le permiti\u00f3 imponer con mucha soberbia sus reformas legislativas, que lo \u00fanico que pretenden es regresar a un r\u00e9gimen autoritario, del cual Zedillo nos ayud\u00f3 a salir.<\/span><\/p>\n<p><span style=\"font-size: 14pt;\">El legado de Zedillo fue la democracia plena y el de L\u00f3pez Obrador es el regreso al autoritarismo.<\/span><\/p>\n<p><span style=\"font-size: 14pt;\">L\u00f3pez Obrador nunca tendr\u00e1 el respeto y reconocimiento que recibe Zedillo en el extranjero y en los foros que participa. Ellos son los dos polos opuestos de nuestra historia.<\/span><\/p>\n<p><span style=\"font-size: 14pt;\">Zedillo recibi\u00f3 una econom\u00eda a\u00fan fr\u00e1gil y sustentada con alfileres, que se resquebraj\u00f3 en diciembre y sumi\u00f3 al pa\u00eds en una crisis. Sin embargo, en lugar de lamentarse y culpar a su antecesor, construy\u00f3 una estrategia econ\u00f3mica y entreg\u00f3 a su sucesor un pa\u00eds financieramente s\u00f3lido.<\/span><\/p>\n<p><span style=\"font-size: 14pt;\">En contraste, L\u00f3pez Obrador est\u00e1 entregando a su sucesora una econom\u00eda maquillada que en cualquier momento puede estallar.<\/span><\/p>\n<p><span style=\"font-size: 14pt;\">Zedillo siempre discreto y aportando conocimiento.<\/span><\/p>\n<p><span style=\"font-size: 14pt;\">Zedillo fue un estadista, que nunca se aferr\u00f3 al poder y por ello no tuvo remordimiento de permitir que se respetase la voluntad ciudadana manifestada en las urnas, en las elecciones del a\u00f1o 2000. Este hecho que parec\u00eda lejano en los a\u00f1os ochenta\u00a0 y noventa marc\u00f3 la historia de M\u00e9xico pues puso fin al gobierno de un partido hegem\u00f3nico.<\/span><\/p>\n<p><span style=\"font-size: 14pt;\">La historia es inexorable y m\u00e1s a\u00fan en la \u00e9poca de la transparencia y la claridad. El legado de cada quien saldr\u00e1 a relucir en un futuro.<\/span><\/p>\n<p><span style=\"font-size: 14pt;\">\u00bfA usted qu\u00e9 le parece?<\/span><\/p>\n","protected":false},"excerpt":{"rendered":"<p>Ahora que el presidente Ernesto Zedillo critic\u00f3 abiertamente a la reforma judicial en una reuni\u00f3n privada realizada en M\u00e9xico, evidentemente<\/p>\n","protected":false},"author":4,"featured_media":39091,"comment_status":"closed","ping_status":"closed","sticky":false,"template":"","format":"standard","meta":{"colormag_page_container_layout":"default_layout","colormag_page_sidebar_layout":"default_layout","_jetpack_memberships_contains_paid_content":false,"footnotes":"","jetpack_publicize_message":"","jetpack_publicize_feature_enabled":true,"jetpack_social_post_already_shared":true,"jetpack_social_options":{"image_generator_settings":{"template":"highway","default_image_id":0,"font":"","enabled":false},"version":2}},"categories":[6],"tags":[],"class_list":["post-40579","post","type-post","status-publish","format-standard","has-post-thumbnail","hentry","category-columnistas"],"jetpack_publicize_connections":[],"jetpack_featured_media_url":"https:\/\/noticiasveracruz.com\/wp-content\/uploads\/2024\/09\/NV-RICARDO-HOMS.jpg","jetpack_sharing_enabled":true,"publishpress_future_action":{"enabled":false,"date":"2026-05-08 11:04:26","action":"change-status","newStatus":"draft","terms":[],"taxonomy":"category","extraData":[]},"publishpress_future_workflow_manual_trigger":{"enabledWorkflows":[]},"_links":{"self":[{"href":"https:\/\/noticiasveracruz.com\/index.php\/wp-json\/wp\/v2\/posts\/40579","targetHints":{"allow":["GET"]}}],"collection":[{"href":"https:\/\/noticiasveracruz.com\/index.php\/wp-json\/wp\/v2\/posts"}],"about":[{"href":"https:\/\/noticiasveracruz.com\/index.php\/wp-json\/wp\/v2\/types\/post"}],"author":[{"embeddable":true,"href":"https:\/\/noticiasveracruz.com\/index.php\/wp-json\/wp\/v2\/users\/4"}],"replies":[{"embeddable":true,"href":"https:\/\/noticiasveracruz.com\/index.php\/wp-json\/wp\/v2\/comments?post=40579"}],"version-history":[{"count":0,"href":"https:\/\/noticiasveracruz.com\/index.php\/wp-json\/wp\/v2\/posts\/40579\/revisions"}],"wp:featuredmedia":[{"embeddable":true,"href":"https:\/\/noticiasveracruz.com\/index.php\/wp-json\/wp\/v2\/media\/39091"}],"wp:attachment":[{"href":"https:\/\/noticiasveracruz.com\/index.php\/wp-json\/wp\/v2\/media?parent=40579"}],"wp:term":[{"taxonomy":"category","embeddable":true,"href":"https:\/\/noticiasveracruz.com\/index.php\/wp-json\/wp\/v2\/categories?post=40579"},{"taxonomy":"post_tag","embeddable":true,"href":"https:\/\/noticiasveracruz.com\/index.php\/wp-json\/wp\/v2\/tags?post=40579"}],"curies":[{"name":"wp","href":"https:\/\/api.w.org\/{rel}","templated":true}]}}