{"id":40573,"date":"2024-09-23T06:01:28","date_gmt":"2024-09-23T11:01:28","guid":{"rendered":"https:\/\/noticiasveracruz.com\/?p=40573"},"modified":"2024-09-22T22:53:39","modified_gmt":"2024-09-23T03:53:39","slug":"los-comonfort-de-amlo","status":"publish","type":"post","link":"https:\/\/noticiasveracruz.com\/index.php\/2024\/09\/23\/los-comonfort-de-amlo\/","title":{"rendered":"Los Comonfort de AMLO"},"content":{"rendered":"<p><strong><span style=\"font-size: 14pt;\">Por: Luis Ram\u00edrez Baqueiro<\/span><\/strong><\/p>\n<p>&nbsp;<\/p>\n<p><span style=\"font-size: 14pt;\"><em>\u201cLa gratitud es una de las facetas de la humildad. El arrogante considera que no debe nada a nadie.\u201d \u2013 Abb\u00e9 Jean Gottigny.<\/em><\/span><\/p>\n<p><span style=\"font-size: 14pt;\">\u00a0<\/span><span style=\"font-size: 14pt;\">La m\u00e1s reciente visita y por cierto la \u00faltima en su calidad de titular del Ejecutivo a Veracruz del presidente Andr\u00e9s Manuel L\u00f3pez Obrador, sirvi\u00f3 de marco para poder observar c\u00f3mo es que la historia nacional tiene sus analog\u00edas guardando las debidas proporciones.<\/span><\/p>\n<p><span style=\"font-size: 14pt;\">No hubiera existido un Benito Ju\u00e1rez si a mediados del siglo decimon\u00f3nico no hubiera aparecido en la historia nacional un personaje como Ignacio Comonfort, sin \u00e9l, no habr\u00eda habido guerra de reforma, y Ju\u00e1rez quiz\u00e1 no hubiera llegado nunca a ser presidente.<\/span><\/p>\n<p><span style=\"font-size: 14pt;\">La combinaci\u00f3n de eventos y hechos hist\u00f3ricos que dieron paso al consagrado conflicto b\u00e9lico \u2013guerra civil- fueron producto de las pasiones y ambiciones de los hombres y pol\u00edticos conservadores y liberales del siglo XIX.<\/span><\/p>\n<p><span style=\"font-size: 14pt;\">Jos\u00e9 Ignacio Gregorio Comonfort de los R\u00edos quien naciera en Amozoc, Puebla; 12 de marzo de 1812, descendiente de inmigrantes irlandeses, fue producto de las circunstancias que aquel M\u00e9xico, en el que la m\u00e1s reciente emancipaci\u00f3n del yugo espa\u00f1ol trajo consigo.<\/span><\/p>\n<p><span style=\"font-size: 14pt;\">Como administrador de la Aduana de Acapulco en Guerrero, estuvo en el sitio y el lugar exacto para que Juan \u00c1lvarez \u2013un pr\u00f3cer de la Independencia de M\u00e9xico- se revelar\u00e1 a las infamias y tiran\u00edas que el xalape\u00f1o Antonio L\u00f3pez de Santa Anna acometi\u00f3 contra el pueblo de M\u00e9xico que se cans\u00f3 de sus excesos y locuras, provocando con ello el inicio de lo que se conocer\u00eda m\u00e1s tarde como el Plan de Ayutla.<\/span><\/p>\n<p><span style=\"font-size: 14pt;\">As\u00ed el destino de la Reforma se sell\u00f3, pues se dieron las condiciones para que toda una generaci\u00f3n de pol\u00edticos liberales construyera el entramado legal de lo que se conocer\u00eda como Las Leyes de Reforma.<\/span><\/p>\n<p><span style=\"font-size: 14pt;\">Fue as\u00ed como un 7 de julio de 1859, en el puerto de Veracruz, el presidente Benito Ju\u00e1rez expidi\u00f3 el paquete legislativo que conocemos como Leyes de Reforma. Su objetivo principal fue la separaci\u00f3n de la Iglesia y el Estado, pues \u00e9sta hab\u00eda adquirido un gran poder e influ\u00eda en las decisiones m\u00e1s importantes de la pol\u00edtica nacional para favorecer totalmente a los conservadores.<\/span><\/p>\n<p><span style=\"font-size: 14pt;\">Fueron un paquete de reformas legales que se consumaron hasta el Gobierno del veracruzano Miguel Lerdo de Tejada, quien, a la muerte de Ju\u00e1rez en 1872, al tomar posesi\u00f3n se comprometi\u00f3 a hacer cumplir las Leyes de Reforma y elevarlas jer\u00e1rquicamente al incluirlas en la Constituci\u00f3n: lo cumpli\u00f3 con la Ley sobre Adiciones y Reformas a la Constituci\u00f3n del 25 de septiembre de 1873.<\/span><\/p>\n<p><span style=\"font-size: 14pt;\">As\u00ed como ahora en donde cierto sector se pone de cabeza ante la promulgaci\u00f3n de una serie de reformas impulsadas por el\u00a0<em>chocojarocho<\/em>, nos hace recordar que personajes transmutan con gran facilidad ante sus ambiciones de poder.<\/span><\/p>\n<p><span style=\"font-size: 14pt;\">El m\u00e1s claro ejemplo lo tenemos con los integrantes de reconocido Clan, que de unas semanas para ac\u00e1 pretenden engatusar a la sociedad habiendo votado la reforma al Poder Judicial, no por coincidir ideol\u00f3gicamente con ella, sino porque ya no ve\u00edan la manera de quitarse el peso del estado ante la serie de tropel\u00edas y delitos que al amparo del poder fueron construyendo.<\/span><\/p>\n<p><span style=\"font-size: 14pt;\">Pero, as\u00ed como los Comonfort del Siglo XIX, los veracruzanos y los mexicanos, sabemos que su papel en la historia nacional pasar\u00e1 a ser el de esos personajes que traicionaron los ideales m\u00e1ximos de la patria y que por simple y vil conveniencia, hoy son m\u00e1s papistas que el papa.<\/span><\/p>\n<p><span style=\"font-size: 14pt;\">La visita del presidente L\u00f3pez Obrador, sirvi\u00f3 de marco para confirmar la gratitud del pueblo que se identific\u00f3 con \u00e9l, que crey\u00f3 en su proyecto, y que, de la mano a sus reformas, habr\u00e1 de pasar a la historia como uno de los presidentes m\u00e1s reformistas de la historia.<\/span><\/p>\n<p><span style=\"font-size: 14pt;\">No es f\u00e1cil labrarse un destino nacional de tal magnitud, solo el tiempo habr\u00e1 de darle el peso respectivo al personaje, lo cierto es que Andr\u00e9s Manuel L\u00f3pez Obrador, demostr\u00f3 por mucho tenerle m\u00e1s cari\u00f1o a Veracruz, que muchos de los presidentes de los \u00faltimos 40 a\u00f1os.<\/span><\/p>\n<p><span style=\"font-size: 14pt;\">Dej\u00f3 obras importantes como la construcci\u00f3n del corredor interoce\u00e1nico, la rehabilitaci\u00f3n de las l\u00edneas ferroviarias de pasajeros, algo que nunca se debi\u00f3 de haber erradicado, pues generaba una gran cantidad de actividad comercial por donde el tren transitaba.<\/span><\/p>\n<p><span style=\"font-size: 14pt;\">A ello habr\u00e1 que sumarle que la construcci\u00f3n de la Refiner\u00eda de Dos Bocas dio miles de trabajos a habitantes del sur de la entidad, los que lograron con ello, mantener a sus familias del abandon\u00f3 que por d\u00e9cadas tuvieron.<\/span><\/p>\n<p><span style=\"font-size: 14pt;\">Hoy la consumaci\u00f3n de sus programas del Bienestar les guste o no a sus detractores le ha cambiado la vida a millones de personas a las que antes, ning\u00fan gobierno hab\u00eda beneficiado, y eso \u201chaiga sido como haiga sido\u201d es suficiente para declarar que hubo un antes y un despu\u00e9s.<\/span><\/p>\n<p><span style=\"font-size: 14pt;\">Hoy se va L\u00f3pez Obrador, concluye su mandato, ser\u00e1 el juicio hist\u00f3rico el que determinar\u00e1 cu\u00e1l ser\u00e1 su papel en la historia contempor\u00e1nea de M\u00e9xico, por lo pronto Veracruz le dice \u00a1hasta siempre se\u00f1or presidente!<\/span><\/p>\n<p><span style=\"font-size: 14pt;\">\u00a0<\/span><\/p>\n<p><span style=\"font-size: 14pt;\">Al tiempo.<\/span><\/p>\n","protected":false},"excerpt":{"rendered":"<p>Por: Luis Ram\u00edrez Baqueiro &nbsp; \u201cLa gratitud es una de las facetas de la humildad. El arrogante considera que no<\/p>\n","protected":false},"author":4,"featured_media":30989,"comment_status":"closed","ping_status":"closed","sticky":false,"template":"","format":"standard","meta":{"colormag_page_container_layout":"default_layout","colormag_page_sidebar_layout":"default_layout","_jetpack_memberships_contains_paid_content":false,"footnotes":"","jetpack_publicize_message":"","jetpack_publicize_feature_enabled":true,"jetpack_social_post_already_shared":true,"jetpack_social_options":{"image_generator_settings":{"template":"highway","default_image_id":0,"font":"","enabled":false},"version":2}},"categories":[6],"tags":[],"class_list":["post-40573","post","type-post","status-publish","format-standard","has-post-thumbnail","hentry","category-columnistas"],"jetpack_publicize_connections":[],"jetpack_featured_media_url":"https:\/\/noticiasveracruz.com\/wp-content\/uploads\/2024\/05\/LUIS-RAMIREZ-BAQUEIRO-800x445-1.png","jetpack_sharing_enabled":true,"publishpress_future_action":{"enabled":false,"date":"2026-05-08 09:21:04","action":"change-status","newStatus":"draft","terms":[],"taxonomy":"category","extraData":[]},"publishpress_future_workflow_manual_trigger":{"enabledWorkflows":[]},"_links":{"self":[{"href":"https:\/\/noticiasveracruz.com\/index.php\/wp-json\/wp\/v2\/posts\/40573","targetHints":{"allow":["GET"]}}],"collection":[{"href":"https:\/\/noticiasveracruz.com\/index.php\/wp-json\/wp\/v2\/posts"}],"about":[{"href":"https:\/\/noticiasveracruz.com\/index.php\/wp-json\/wp\/v2\/types\/post"}],"author":[{"embeddable":true,"href":"https:\/\/noticiasveracruz.com\/index.php\/wp-json\/wp\/v2\/users\/4"}],"replies":[{"embeddable":true,"href":"https:\/\/noticiasveracruz.com\/index.php\/wp-json\/wp\/v2\/comments?post=40573"}],"version-history":[{"count":0,"href":"https:\/\/noticiasveracruz.com\/index.php\/wp-json\/wp\/v2\/posts\/40573\/revisions"}],"wp:featuredmedia":[{"embeddable":true,"href":"https:\/\/noticiasveracruz.com\/index.php\/wp-json\/wp\/v2\/media\/30989"}],"wp:attachment":[{"href":"https:\/\/noticiasveracruz.com\/index.php\/wp-json\/wp\/v2\/media?parent=40573"}],"wp:term":[{"taxonomy":"category","embeddable":true,"href":"https:\/\/noticiasveracruz.com\/index.php\/wp-json\/wp\/v2\/categories?post=40573"},{"taxonomy":"post_tag","embeddable":true,"href":"https:\/\/noticiasveracruz.com\/index.php\/wp-json\/wp\/v2\/tags?post=40573"}],"curies":[{"name":"wp","href":"https:\/\/api.w.org\/{rel}","templated":true}]}}