{"id":40571,"date":"2024-09-23T06:00:54","date_gmt":"2024-09-23T11:00:54","guid":{"rendered":"https:\/\/noticiasveracruz.com\/?p=40571"},"modified":"2024-09-22T22:51:16","modified_gmt":"2024-09-23T03:51:16","slug":"ni-con-dios-ni-con-el-diablo","status":"publish","type":"post","link":"https:\/\/noticiasveracruz.com\/index.php\/2024\/09\/23\/ni-con-dios-ni-con-el-diablo\/","title":{"rendered":"NI CON DIOS NI CON EL DIABLO"},"content":{"rendered":"<div dir=\"auto\"><span style=\"font-size: 14pt;\">Se visualiza un futuro pol\u00edtico incierto en Veracruz para los Yunes del Estero. Por lo menos durante los pr\u00f3ximos seis a\u00f1os y de ello se encargar\u00eda Roc\u00edo Nahle Garc\u00eda. Ya lo anticip\u00f3 de manera contundente la\u00a0 gobernadora electa.<\/span><\/div>\n<div dir=\"auto\"><span style=\"font-size: 14pt;\">\u00a0Por un lado, el PAN y el PRI, sus ex aliados, los consideran traidores. Y por el otro, Morena, PT y Verde les han cerrado sus puertas. Los ven como apestados.<\/span><\/div>\n<div dir=\"auto\"><span style=\"font-size: 14pt;\">\u00a0Tampoco Movimiento Ciudadano los cobijar\u00e1.<\/span><\/div>\n<div dir=\"auto\"><span style=\"font-size: 14pt;\">\u00a0Tal vez busquen el apoyo de un partido pol\u00edtico nuevo o qui\u00e9n sabe.\u00a0<\/span><\/div>\n<div dir=\"auto\"><span style=\"font-size: 14pt;\">Y tambi\u00e9n veremos si la Fiscal\u00eda General del Estado reactiva o\u00a0 \u00a0archiva en definitiva las carpetas de investigaci\u00f3n contra\u00a0 padre e hijos o les lanza un buen calambre un d\u00eda de estos.\u00a0<\/span><\/div>\n<div dir=\"auto\"><span style=\"font-size: 14pt;\">En privado, amigos muy cercanos de Miguel \u00c1ngel Yunes Linares expresan opiniones encontradas por el voto a favor de la reforma judicial. Unos justifican la decisi\u00f3n tomada por el exgobernador y otros la censuran.\u00a0<\/span><\/div>\n<div dir=\"auto\"><span style=\"font-size: 14pt;\">Por lo mientras en las filas de\u00a0 Morena siguen repudiando a los Yunes azules y la oposici\u00f3n los tacha de traidores.<\/span><\/div>\n<div dir=\"auto\"><span style=\"font-size: 14pt;\">\u00a0Hasta sus antiguos camaradas los\u00a0 satanizan. Sin embargo, la pol\u00edtica es tan parad\u00f3jica que muchos de quienes hoy los critican en p\u00fablico, ma\u00f1ana podr\u00edan saludarlos como si nada y hasta aplaudirles a rabiar.<\/span><\/div>\n<div dir=\"auto\"><span style=\"font-size: 14pt;\">Hasta el momento los Yunes parecen no haber quedado bien ni con mel\u00f3n ni con sand\u00eda.<\/span><\/div>\n<div dir=\"auto\"><span style=\"font-size: 14pt;\">\u00a0Esperemos el desenlace\u00a0 de esta novela pol\u00edtica.<\/span><\/div>\n","protected":false},"excerpt":{"rendered":"<p>Se visualiza un futuro pol\u00edtico incierto en Veracruz para los Yunes del Estero. Por lo menos durante los pr\u00f3ximos seis<\/p>\n","protected":false},"author":4,"featured_media":39080,"comment_status":"closed","ping_status":"closed","sticky":false,"template":"","format":"standard","meta":{"colormag_page_container_layout":"default_layout","colormag_page_sidebar_layout":"default_layout","_jetpack_memberships_contains_paid_content":false,"footnotes":"","jetpack_publicize_message":"","jetpack_publicize_feature_enabled":true,"jetpack_social_post_already_shared":true,"jetpack_social_options":{"image_generator_settings":{"template":"highway","default_image_id":0,"font":"","enabled":false},"version":2}},"categories":[6],"tags":[],"class_list":["post-40571","post","type-post","status-publish","format-standard","has-post-thumbnail","hentry","category-columnistas"],"jetpack_publicize_connections":[],"jetpack_featured_media_url":"https:\/\/noticiasveracruz.com\/wp-content\/uploads\/2024\/09\/pepe-valencia.jpg","jetpack_sharing_enabled":true,"publishpress_future_action":{"enabled":false,"date":"2026-05-08 08:27:18","action":"change-status","newStatus":"draft","terms":[],"taxonomy":"category","extraData":[]},"publishpress_future_workflow_manual_trigger":{"enabledWorkflows":[]},"_links":{"self":[{"href":"https:\/\/noticiasveracruz.com\/index.php\/wp-json\/wp\/v2\/posts\/40571","targetHints":{"allow":["GET"]}}],"collection":[{"href":"https:\/\/noticiasveracruz.com\/index.php\/wp-json\/wp\/v2\/posts"}],"about":[{"href":"https:\/\/noticiasveracruz.com\/index.php\/wp-json\/wp\/v2\/types\/post"}],"author":[{"embeddable":true,"href":"https:\/\/noticiasveracruz.com\/index.php\/wp-json\/wp\/v2\/users\/4"}],"replies":[{"embeddable":true,"href":"https:\/\/noticiasveracruz.com\/index.php\/wp-json\/wp\/v2\/comments?post=40571"}],"version-history":[{"count":0,"href":"https:\/\/noticiasveracruz.com\/index.php\/wp-json\/wp\/v2\/posts\/40571\/revisions"}],"wp:featuredmedia":[{"embeddable":true,"href":"https:\/\/noticiasveracruz.com\/index.php\/wp-json\/wp\/v2\/media\/39080"}],"wp:attachment":[{"href":"https:\/\/noticiasveracruz.com\/index.php\/wp-json\/wp\/v2\/media?parent=40571"}],"wp:term":[{"taxonomy":"category","embeddable":true,"href":"https:\/\/noticiasveracruz.com\/index.php\/wp-json\/wp\/v2\/categories?post=40571"},{"taxonomy":"post_tag","embeddable":true,"href":"https:\/\/noticiasveracruz.com\/index.php\/wp-json\/wp\/v2\/tags?post=40571"}],"curies":[{"name":"wp","href":"https:\/\/api.w.org\/{rel}","templated":true}]}}