{"id":40567,"date":"2024-09-22T00:59:39","date_gmt":"2024-09-22T05:59:39","guid":{"rendered":"https:\/\/noticiasveracruz.com\/?p=40567"},"modified":"2024-09-22T00:59:39","modified_gmt":"2024-09-22T05:59:39","slug":"desaparece-trabajador-de-la-ctm-en-poza-rica-2","status":"publish","type":"post","link":"https:\/\/noticiasveracruz.com\/index.php\/2024\/09\/22\/desaparece-trabajador-de-la-ctm-en-poza-rica-2\/","title":{"rendered":"Desaparece trabajador de la CTM en Poza Rica"},"content":{"rendered":"<p><span style=\"font-size: 14pt;\">A m\u00e1s de una semana de su desaparici\u00f3n, familiares de\u00a0 Juan Manuel L\u00f3pez Mart\u00ednez, Tesorero del Sindicato de Trabajadores de Autopartes y Conexos en el municipio de Poza Rica, han intensificado la difusi\u00f3n de su b\u00fasqueda a trav\u00e9s de redes sociales para localizarlo.<\/span><\/p>\n<p><span style=\"font-size: 14pt;\">Juan Manuel de 46 a\u00f1os despareci\u00f3 el 12 de septiembre en su lugar de trabajo ubicado en Bulevar Adolfo Ru\u00edz Cortines de la colonia Manuel \u00c1vila Camacho del municipio de Poza Rica, y este responde a se\u00f1as particulares como cabello corto, oscuro y lacio, estatura de 1 metro 60, complexi\u00f3n robusta y una cicatriz en su brazo izquierdo arriba del codo de aproximadamente 7 cent\u00edmetros.\u00a0<\/span><\/p>\n<p><span style=\"font-size: 14pt;\">En tanto, la ficha de b\u00fasqueda ha sido emitida por parte de la Fiscal\u00eda General del Estado de Veracruz y abierta una carpeta de investigaci\u00f3n PZR\/DVII\/F4\/1007\/2024, as\u00ed como puesto a disposici\u00f3n el n\u00famero de tel\u00e9fono 782 823 43 93 para compartir cualquier informaci\u00f3n que sea \u00fatil para dar con su paradero.<\/span><\/p>\n","protected":false},"excerpt":{"rendered":"<p>A m\u00e1s de una semana de su desaparici\u00f3n, familiares de\u00a0 Juan Manuel L\u00f3pez Mart\u00ednez, Tesorero del Sindicato de Trabajadores de<\/p>\n","protected":false},"author":4,"featured_media":40522,"comment_status":"closed","ping_status":"closed","sticky":false,"template":"","format":"standard","meta":{"colormag_page_container_layout":"default_layout","colormag_page_sidebar_layout":"default_layout","_jetpack_memberships_contains_paid_content":false,"footnotes":"","jetpack_publicize_message":"","jetpack_publicize_feature_enabled":true,"jetpack_social_post_already_shared":true,"jetpack_social_options":{"image_generator_settings":{"template":"highway","default_image_id":0,"font":"","enabled":false},"version":2}},"categories":[356],"tags":[],"class_list":["post-40567","post","type-post","status-publish","format-standard","has-post-thumbnail","hentry","category-veracruz"],"jetpack_publicize_connections":[],"jetpack_featured_media_url":"https:\/\/noticiasveracruz.com\/wp-content\/uploads\/2024\/09\/desaparece-trabajador-de-la-ctm-en-poza-rica-552992.jpg","jetpack_sharing_enabled":true,"publishpress_future_action":{"enabled":false,"date":"2026-05-05 22:19:18","action":"change-status","newStatus":"draft","terms":[],"taxonomy":"category","extraData":[]},"publishpress_future_workflow_manual_trigger":{"enabledWorkflows":[]},"_links":{"self":[{"href":"https:\/\/noticiasveracruz.com\/index.php\/wp-json\/wp\/v2\/posts\/40567","targetHints":{"allow":["GET"]}}],"collection":[{"href":"https:\/\/noticiasveracruz.com\/index.php\/wp-json\/wp\/v2\/posts"}],"about":[{"href":"https:\/\/noticiasveracruz.com\/index.php\/wp-json\/wp\/v2\/types\/post"}],"author":[{"embeddable":true,"href":"https:\/\/noticiasveracruz.com\/index.php\/wp-json\/wp\/v2\/users\/4"}],"replies":[{"embeddable":true,"href":"https:\/\/noticiasveracruz.com\/index.php\/wp-json\/wp\/v2\/comments?post=40567"}],"version-history":[{"count":0,"href":"https:\/\/noticiasveracruz.com\/index.php\/wp-json\/wp\/v2\/posts\/40567\/revisions"}],"wp:featuredmedia":[{"embeddable":true,"href":"https:\/\/noticiasveracruz.com\/index.php\/wp-json\/wp\/v2\/media\/40522"}],"wp:attachment":[{"href":"https:\/\/noticiasveracruz.com\/index.php\/wp-json\/wp\/v2\/media?parent=40567"}],"wp:term":[{"taxonomy":"category","embeddable":true,"href":"https:\/\/noticiasveracruz.com\/index.php\/wp-json\/wp\/v2\/categories?post=40567"},{"taxonomy":"post_tag","embeddable":true,"href":"https:\/\/noticiasveracruz.com\/index.php\/wp-json\/wp\/v2\/tags?post=40567"}],"curies":[{"name":"wp","href":"https:\/\/api.w.org\/{rel}","templated":true}]}}