{"id":40564,"date":"2024-09-22T00:57:57","date_gmt":"2024-09-22T05:57:57","guid":{"rendered":"https:\/\/noticiasveracruz.com\/?p=40564"},"modified":"2024-09-22T00:57:57","modified_gmt":"2024-09-22T05:57:57","slug":"casi-40-mujeres-acusan-al-fallecido-magnate-mohamed-al-fayed-de-agresiones-sexuales","status":"publish","type":"post","link":"https:\/\/noticiasveracruz.com\/index.php\/2024\/09\/22\/casi-40-mujeres-acusan-al-fallecido-magnate-mohamed-al-fayed-de-agresiones-sexuales\/","title":{"rendered":"Casi 40 mujeres acusan al fallecido magnate Mohamed Al Fayed de agresiones sexuales"},"content":{"rendered":"<p><span style=\"font-size: 14pt;\">Un total de 37 mujeres \u00abde todo el mundo\u00bb acusaron de\u00a0agresiones sexuales\u00a0al fallecido multimillonario egipcio\u00a0Mohamed Al Fayed\u00a0-padre de Dodi, la expareja de la princesa Diana, y que fue due\u00f1o de los emblem\u00e1ticos almacenes brit\u00e1nicos\u00a0Harrods-, anunciaron el viernes sus abogados.<\/span><\/p>\n<p><span style=\"font-size: 14pt;\">\u00abHa llegado el momento de que se haga justicia\u00bb, dijo en una rueda de prensa en Londres la abogada estadounidense Gloria Allred, que forma parte del grupo de letrados que lleva el caso.<\/span><\/p>\n","protected":false},"excerpt":{"rendered":"<p>Un total de 37 mujeres \u00abde todo el mundo\u00bb acusaron de\u00a0agresiones sexuales\u00a0al fallecido multimillonario egipcio\u00a0Mohamed Al Fayed\u00a0-padre de Dodi, la<\/p>\n","protected":false},"author":4,"featured_media":40565,"comment_status":"closed","ping_status":"closed","sticky":false,"template":"","format":"standard","meta":{"colormag_page_container_layout":"default_layout","colormag_page_sidebar_layout":"default_layout","_jetpack_memberships_contains_paid_content":false,"footnotes":"","jetpack_publicize_message":"","jetpack_publicize_feature_enabled":true,"jetpack_social_post_already_shared":true,"jetpack_social_options":{"image_generator_settings":{"template":"highway","default_image_id":0,"font":"","enabled":false},"version":2}},"categories":[355],"tags":[],"class_list":["post-40564","post","type-post","status-publish","format-standard","has-post-thumbnail","hentry","category-internacional"],"jetpack_publicize_connections":[],"jetpack_featured_media_url":"https:\/\/noticiasveracruz.com\/wp-content\/uploads\/2024\/09\/Mohamed-Al-Fayed.jpg","jetpack_sharing_enabled":true,"publishpress_future_action":{"enabled":false,"date":"2026-05-05 22:09:46","action":"change-status","newStatus":"draft","terms":[],"taxonomy":"category","extraData":[]},"publishpress_future_workflow_manual_trigger":{"enabledWorkflows":[]},"_links":{"self":[{"href":"https:\/\/noticiasveracruz.com\/index.php\/wp-json\/wp\/v2\/posts\/40564","targetHints":{"allow":["GET"]}}],"collection":[{"href":"https:\/\/noticiasveracruz.com\/index.php\/wp-json\/wp\/v2\/posts"}],"about":[{"href":"https:\/\/noticiasveracruz.com\/index.php\/wp-json\/wp\/v2\/types\/post"}],"author":[{"embeddable":true,"href":"https:\/\/noticiasveracruz.com\/index.php\/wp-json\/wp\/v2\/users\/4"}],"replies":[{"embeddable":true,"href":"https:\/\/noticiasveracruz.com\/index.php\/wp-json\/wp\/v2\/comments?post=40564"}],"version-history":[{"count":0,"href":"https:\/\/noticiasveracruz.com\/index.php\/wp-json\/wp\/v2\/posts\/40564\/revisions"}],"wp:featuredmedia":[{"embeddable":true,"href":"https:\/\/noticiasveracruz.com\/index.php\/wp-json\/wp\/v2\/media\/40565"}],"wp:attachment":[{"href":"https:\/\/noticiasveracruz.com\/index.php\/wp-json\/wp\/v2\/media?parent=40564"}],"wp:term":[{"taxonomy":"category","embeddable":true,"href":"https:\/\/noticiasveracruz.com\/index.php\/wp-json\/wp\/v2\/categories?post=40564"},{"taxonomy":"post_tag","embeddable":true,"href":"https:\/\/noticiasveracruz.com\/index.php\/wp-json\/wp\/v2\/tags?post=40564"}],"curies":[{"name":"wp","href":"https:\/\/api.w.org\/{rel}","templated":true}]}}