{"id":40549,"date":"2024-09-22T00:45:15","date_gmt":"2024-09-22T05:45:15","guid":{"rendered":"https:\/\/noticiasveracruz.com\/?p=40549"},"modified":"2024-09-22T00:45:15","modified_gmt":"2024-09-22T05:45:15","slug":"proyectan-nuevo-corredor-industrial-cerca-del-aeropuerto-de-guadalajara","status":"publish","type":"post","link":"https:\/\/noticiasveracruz.com\/index.php\/2024\/09\/22\/proyectan-nuevo-corredor-industrial-cerca-del-aeropuerto-de-guadalajara\/","title":{"rendered":"Proyectan nuevo corredor industrial cerca del aeropuerto de Guadalajara"},"content":{"rendered":"<div class=\"jsx-3315747106 resumeNew\">\n<p><span style=\"font-size: 14pt;\">El Roble Industrial Park buscar\u00e1, precisamente, potenciar ese c\u00edrculo virtuoso a fin de atraer mayor derrama econ\u00f3mica y nuevos empleos; as\u00ed como propiciar la creaci\u00f3n de m\u00e1s infraestructura en toda la regi\u00f3n, indic\u00f3.<\/span><\/p>\n<\/div>\n<div class=\"jsx-1764542821 newsbody\">\n<div class=\"jsx-670345696 share fixed\">\n<div class=\"jsx-670345696 \"><span style=\"font-size: 14pt;\">Con una inversi\u00f3n de 500 millones de pesos, edificar\u00e1n un nuevo parque industrial en el municipio de Ixtlahuac\u00e1n de los Membrillos.<\/span><\/div>\n<\/div>\n<div class=\"jsx-1764542821\">\n<div id=\"readNote\" class=\"jsx-1764542821\">\n<div class=\"jsx-537108098\">\n<p class=\"jsx-3954459878\"><span style=\"font-size: 14pt;\">Se trata de El Roble Industrial Park, que estar\u00e1 ubicado en la carretera El Salto a la Capilla, en las cercan\u00edas del Aeropuerto Internacional de Guadalajara donde los desarrolladores inmobiliarios pretenden construir un nuevo corredor industrial, coment\u00f3 el vicepresidente de la Asociaci\u00f3n Mexicana de Profesionales Inmobiliarios (AMPI) cap\u00edtulo Guadalajara, Jahaziel Casta\u00f1eda Gonz\u00e1lez.<\/span><\/p>\n<\/div>\n<\/div>\n<\/div>\n<\/div>\n","protected":false},"excerpt":{"rendered":"<p>El Roble Industrial Park buscar\u00e1, precisamente, potenciar ese c\u00edrculo virtuoso a fin de atraer mayor derrama econ\u00f3mica y nuevos empleos;<\/p>\n","protected":false},"author":4,"featured_media":40550,"comment_status":"closed","ping_status":"closed","sticky":false,"template":"","format":"standard","meta":{"colormag_page_container_layout":"default_layout","colormag_page_sidebar_layout":"default_layout","_jetpack_memberships_contains_paid_content":false,"footnotes":"","jetpack_publicize_message":"","jetpack_publicize_feature_enabled":true,"jetpack_social_post_already_shared":true,"jetpack_social_options":{"image_generator_settings":{"template":"highway","default_image_id":0,"font":"","enabled":false},"version":2}},"categories":[145],"tags":[],"class_list":["post-40549","post","type-post","status-publish","format-standard","has-post-thumbnail","hentry","category-estados"],"jetpack_publicize_connections":[],"jetpack_featured_media_url":"https:\/\/noticiasveracruz.com\/wp-content\/uploads\/2024\/09\/segunda_pista_aeropuerto_gu.jpg_270939306.jpg","jetpack_sharing_enabled":true,"publishpress_future_action":{"enabled":false,"date":"2026-05-08 02:15:06","action":"change-status","newStatus":"draft","terms":[],"taxonomy":"category","extraData":[]},"publishpress_future_workflow_manual_trigger":{"enabledWorkflows":[]},"_links":{"self":[{"href":"https:\/\/noticiasveracruz.com\/index.php\/wp-json\/wp\/v2\/posts\/40549","targetHints":{"allow":["GET"]}}],"collection":[{"href":"https:\/\/noticiasveracruz.com\/index.php\/wp-json\/wp\/v2\/posts"}],"about":[{"href":"https:\/\/noticiasveracruz.com\/index.php\/wp-json\/wp\/v2\/types\/post"}],"author":[{"embeddable":true,"href":"https:\/\/noticiasveracruz.com\/index.php\/wp-json\/wp\/v2\/users\/4"}],"replies":[{"embeddable":true,"href":"https:\/\/noticiasveracruz.com\/index.php\/wp-json\/wp\/v2\/comments?post=40549"}],"version-history":[{"count":0,"href":"https:\/\/noticiasveracruz.com\/index.php\/wp-json\/wp\/v2\/posts\/40549\/revisions"}],"wp:featuredmedia":[{"embeddable":true,"href":"https:\/\/noticiasveracruz.com\/index.php\/wp-json\/wp\/v2\/media\/40550"}],"wp:attachment":[{"href":"https:\/\/noticiasveracruz.com\/index.php\/wp-json\/wp\/v2\/media?parent=40549"}],"wp:term":[{"taxonomy":"category","embeddable":true,"href":"https:\/\/noticiasveracruz.com\/index.php\/wp-json\/wp\/v2\/categories?post=40549"},{"taxonomy":"post_tag","embeddable":true,"href":"https:\/\/noticiasveracruz.com\/index.php\/wp-json\/wp\/v2\/tags?post=40549"}],"curies":[{"name":"wp","href":"https:\/\/api.w.org\/{rel}","templated":true}]}}