{"id":40545,"date":"2024-09-22T00:41:12","date_gmt":"2024-09-22T05:41:12","guid":{"rendered":"https:\/\/noticiasveracruz.com\/?p=40545"},"modified":"2024-09-22T00:41:12","modified_gmt":"2024-09-22T05:41:12","slug":"canada-endurecera-la-entrega-de-permisos-para-estudiantes-y-trabajadores-extranjeros","status":"publish","type":"post","link":"https:\/\/noticiasveracruz.com\/index.php\/2024\/09\/22\/canada-endurecera-la-entrega-de-permisos-para-estudiantes-y-trabajadores-extranjeros\/","title":{"rendered":"Canad\u00e1 endurecer\u00e1 la entrega de permisos para estudiantes y trabajadores extranjeros"},"content":{"rendered":"<div>\n<p><span style=\"font-size: 14pt;\">Los niveles r\u00e9cord de migraci\u00f3n causan presiones en el sector inmobiliario, el mercado laboral y los servicios sociales del Reino de Canad\u00e1.<\/span><\/p>\n<\/div>\n<div>\n<div>\n<div><span style=\"font-size: 14pt;\">Canad\u00e1\u00a0recortar\u00e1 los permisos de estudiantes internacionales el pr\u00f3ximo a\u00f1o y endurecer\u00e1 las reglas para trabajadores extranjeros, con el objetivo de reducir el n\u00famero de residentes temporales.<\/span><\/div>\n<\/div>\n<div>\n<div id=\"readNote\">\n<div>\n<p><span style=\"font-size: 14pt;\">El aviso se produce despu\u00e9s de otra serie de restricciones destinadas a controlar los\u00a0niveles r\u00e9cord de migraci\u00f3n, que han llevado a la poblaci\u00f3n de Canad\u00e1 a superar los 41 millones de personas a comienzos de a\u00f1o.<\/span><\/p>\n<\/div>\n<\/div>\n<\/div>\n<\/div>\n","protected":false},"excerpt":{"rendered":"<p>Los niveles r\u00e9cord de migraci\u00f3n causan presiones en el sector inmobiliario, el mercado laboral y los servicios sociales del Reino<\/p>\n","protected":false},"author":4,"featured_media":40546,"comment_status":"closed","ping_status":"closed","sticky":false,"template":"","format":"standard","meta":{"colormag_page_container_layout":"default_layout","colormag_page_sidebar_layout":"default_layout","_jetpack_memberships_contains_paid_content":false,"footnotes":"","jetpack_publicize_message":"","jetpack_publicize_feature_enabled":true,"jetpack_social_post_already_shared":true,"jetpack_social_options":{"image_generator_settings":{"template":"highway","default_image_id":0,"font":"","enabled":false},"version":2}},"categories":[1947],"tags":[],"class_list":["post-40545","post","type-post","status-publish","format-standard","has-post-thumbnail","hentry","category-economia"],"jetpack_publicize_connections":[],"jetpack_featured_media_url":"https:\/\/noticiasveracruz.com\/wp-content\/uploads\/2024\/09\/canada.jpg_1015297232.jpg","jetpack_sharing_enabled":true,"publishpress_future_action":{"enabled":false,"date":"2026-05-05 20:45:49","action":"change-status","newStatus":"draft","terms":[],"taxonomy":"category","extraData":[]},"publishpress_future_workflow_manual_trigger":{"enabledWorkflows":[]},"_links":{"self":[{"href":"https:\/\/noticiasveracruz.com\/index.php\/wp-json\/wp\/v2\/posts\/40545","targetHints":{"allow":["GET"]}}],"collection":[{"href":"https:\/\/noticiasveracruz.com\/index.php\/wp-json\/wp\/v2\/posts"}],"about":[{"href":"https:\/\/noticiasveracruz.com\/index.php\/wp-json\/wp\/v2\/types\/post"}],"author":[{"embeddable":true,"href":"https:\/\/noticiasveracruz.com\/index.php\/wp-json\/wp\/v2\/users\/4"}],"replies":[{"embeddable":true,"href":"https:\/\/noticiasveracruz.com\/index.php\/wp-json\/wp\/v2\/comments?post=40545"}],"version-history":[{"count":0,"href":"https:\/\/noticiasveracruz.com\/index.php\/wp-json\/wp\/v2\/posts\/40545\/revisions"}],"wp:featuredmedia":[{"embeddable":true,"href":"https:\/\/noticiasveracruz.com\/index.php\/wp-json\/wp\/v2\/media\/40546"}],"wp:attachment":[{"href":"https:\/\/noticiasveracruz.com\/index.php\/wp-json\/wp\/v2\/media?parent=40545"}],"wp:term":[{"taxonomy":"category","embeddable":true,"href":"https:\/\/noticiasveracruz.com\/index.php\/wp-json\/wp\/v2\/categories?post=40545"},{"taxonomy":"post_tag","embeddable":true,"href":"https:\/\/noticiasveracruz.com\/index.php\/wp-json\/wp\/v2\/tags?post=40545"}],"curies":[{"name":"wp","href":"https:\/\/api.w.org\/{rel}","templated":true}]}}