{"id":40542,"date":"2024-09-22T00:40:03","date_gmt":"2024-09-22T05:40:03","guid":{"rendered":"https:\/\/noticiasveracruz.com\/?p=40542"},"modified":"2024-09-22T00:40:03","modified_gmt":"2024-09-22T05:40:03","slug":"brasil-sube-su-tasa-de-interes-en-25-puntos-basicos-al-10-75","status":"publish","type":"post","link":"https:\/\/noticiasveracruz.com\/index.php\/2024\/09\/22\/brasil-sube-su-tasa-de-interes-en-25-puntos-basicos-al-10-75\/","title":{"rendered":"Brasil sube su tasa de inter\u00e9s en 25 puntos b\u00e1sicos, al 10.75%"},"content":{"rendered":"<div>\n<p><span style=\"font-size: 14pt;\">Las proyecciones para la tasa Selic en lo que resta del a\u00f1o es que contin\u00fae en nivel ascendente hasta el 11.25%, en tanto que\u00a0para 2025 se espera que baje a 10.50 por ciento.<\/span><\/p>\n<\/div>\n<div>\n<div>\n<div><span style=\"font-size: 14pt;\">El Banco Central de Brasil\u00a0elev\u00f3 este mi\u00e9rcoles la tasa Selic en 25 puntos b\u00e1sicos, al 10.75%, en una decisi\u00f3n un\u00e1nime, y destac\u00f3 que el ritmo de los futuros ajustes y la magnitud total del ciclo ser\u00e1n dictados por el firme compromiso de converger la inflaci\u00f3n a la meta.<\/span><\/div>\n<\/div>\n<div>\n<div id=\"readNote\">\n<div>\n<p><span style=\"font-size: 14pt;\">El comit\u00e9 de fijaci\u00f3n de tasas del banco,\u00a0conocido como Copom, vot\u00f3 por unanimidad elevar la tasa de inter\u00e9s Selic de referencia por primera vez en m\u00e1s de dos a\u00f1os hasta\u00a0el 10.75%, en l\u00ednea con la mayor\u00eda de las previsiones.<\/span><\/p>\n<\/div>\n<\/div>\n<\/div>\n<\/div>\n","protected":false},"excerpt":{"rendered":"<p>Las proyecciones para la tasa Selic en lo que resta del a\u00f1o es que contin\u00fae en nivel ascendente hasta el<\/p>\n","protected":false},"author":4,"featured_media":40543,"comment_status":"closed","ping_status":"closed","sticky":false,"template":"","format":"standard","meta":{"colormag_page_container_layout":"default_layout","colormag_page_sidebar_layout":"default_layout","_jetpack_memberships_contains_paid_content":false,"footnotes":"","jetpack_publicize_message":"","jetpack_publicize_feature_enabled":true,"jetpack_social_post_already_shared":true,"jetpack_social_options":{"image_generator_settings":{"template":"highway","default_image_id":0,"font":"","enabled":false},"version":2}},"categories":[1947],"tags":[],"class_list":["post-40542","post","type-post","status-publish","format-standard","has-post-thumbnail","hentry","category-economia"],"jetpack_publicize_connections":[],"jetpack_featured_media_url":"https:\/\/noticiasveracruz.com\/wp-content\/uploads\/2024\/09\/rio_de_janiero_ok.jpg_270939306.jpg","jetpack_sharing_enabled":true,"publishpress_future_action":{"enabled":false,"date":"2026-05-05 20:28:37","action":"change-status","newStatus":"draft","terms":[],"taxonomy":"category","extraData":[]},"publishpress_future_workflow_manual_trigger":{"enabledWorkflows":[]},"_links":{"self":[{"href":"https:\/\/noticiasveracruz.com\/index.php\/wp-json\/wp\/v2\/posts\/40542","targetHints":{"allow":["GET"]}}],"collection":[{"href":"https:\/\/noticiasveracruz.com\/index.php\/wp-json\/wp\/v2\/posts"}],"about":[{"href":"https:\/\/noticiasveracruz.com\/index.php\/wp-json\/wp\/v2\/types\/post"}],"author":[{"embeddable":true,"href":"https:\/\/noticiasveracruz.com\/index.php\/wp-json\/wp\/v2\/users\/4"}],"replies":[{"embeddable":true,"href":"https:\/\/noticiasveracruz.com\/index.php\/wp-json\/wp\/v2\/comments?post=40542"}],"version-history":[{"count":0,"href":"https:\/\/noticiasveracruz.com\/index.php\/wp-json\/wp\/v2\/posts\/40542\/revisions"}],"wp:featuredmedia":[{"embeddable":true,"href":"https:\/\/noticiasveracruz.com\/index.php\/wp-json\/wp\/v2\/media\/40543"}],"wp:attachment":[{"href":"https:\/\/noticiasveracruz.com\/index.php\/wp-json\/wp\/v2\/media?parent=40542"}],"wp:term":[{"taxonomy":"category","embeddable":true,"href":"https:\/\/noticiasveracruz.com\/index.php\/wp-json\/wp\/v2\/categories?post=40542"},{"taxonomy":"post_tag","embeddable":true,"href":"https:\/\/noticiasveracruz.com\/index.php\/wp-json\/wp\/v2\/tags?post=40542"}],"curies":[{"name":"wp","href":"https:\/\/api.w.org\/{rel}","templated":true}]}}