{"id":40533,"date":"2024-09-22T00:18:19","date_gmt":"2024-09-22T05:18:19","guid":{"rendered":"https:\/\/noticiasveracruz.com\/?p=40533"},"modified":"2024-09-22T00:18:19","modified_gmt":"2024-09-22T05:18:19","slug":"sembrando-vida-mas-de-17-mil-tabasquenos-se-quedan-sin-apoyo","status":"publish","type":"post","link":"https:\/\/noticiasveracruz.com\/index.php\/2024\/09\/22\/sembrando-vida-mas-de-17-mil-tabasquenos-se-quedan-sin-apoyo\/","title":{"rendered":"Sembrando Vida: m\u00e1s de 17 mil tabasque\u00f1os se quedan sin apoyo"},"content":{"rendered":"<div class=\"content-body clearfix \">\n<div id=\"content-body-225-12589725\">\n<p><span style=\"font-size: 14pt;\">De 2019 a junio de este a\u00f1o, un total de 17 mil 310 tabasque\u00f1os, 25 por ciento de los 70 mil 915 beneficiarios, fueron dados de baja del programa federal Sembrando Vida, de acuerdo con datos proporcionados por la Secretar\u00eda de Bienestar.<\/span><\/p>\n<p><span style=\"font-size: 14pt;\">En la informaci\u00f3n proporcionada v\u00eda transparencia a El Heraldo de Tabasco, el programa Sembrando Vida suspendi\u00f3 los apoyos principalmente por cuatro causas: baja voluntaria, enfermedad o inhabilidad para trabajar, por fallecimiento y por cancelaci\u00f3n de beneficios.<\/span><\/p>\n<\/div>\n<\/div>\n<div class=\"advertisment \">\n<div id=\"dfp-nota-1x3s\" data-google-query-id=\"COKWmebl1YgDFcLsGAIdf8oDlg\">\n<div id=\"google_ads_iframe_\/2000002\/la-prensa\/mexico_nota_1x3_0__container__\">\n<div id=\"inArticle_1\" class=\"st-placement inArticle_1 inArticle\">\n<div class=\"st-adunit st-adunit-tagged st-reset st-show\">\n<div class=\"st-adunit-ad st-reset\">\n<div class=\"st-display-render st-reset open 300x600\">\n<div class=\"st-canvas st-reset horizontal-static\"><span style=\"font-size: 14pt;\">El n\u00famero de personas a las que se les cancel\u00f3 el apoyo durante el periodo de 2019 a 2024 en Tabasco fue de siete mil 837 sembradores, adem\u00e1s de seis mil 784 beneficiarios que se dieron de baja de forma voluntaria.<\/span><\/div>\n<\/div>\n<\/div>\n<\/div>\n<\/div>\n<\/div>\n<\/div>\n<\/div>\n<article class=\"content-continued-body clearfix \">\n<div id=\"content-body-5851641-12589725\">\n<p><span style=\"font-size: 14pt;\">En el reporte de bajas siguen las personas que fallecieron, de las cuales se reportan dos mil 250 casos en el estado, y finalmente est\u00e1n los 439 beneficiarios que ya no les fue posible continuar en el programa al contraer alguna enfermedad o declararse inhabilitados para trabajar en el campo.<\/span><\/p>\n<p><span style=\"font-size: 14pt;\">En lo que respecta a la cancelaci\u00f3n del beneficio, se informa que pese a recibir el apoyo federal no cumplieron con las reglas de operaci\u00f3n, por lo que despu\u00e9s de reiteradas faltas, el coordinador territorial notific\u00f3 por escrito a las personas reincidentes que se le cancelaban de forma definitiva los apoyos econ\u00f3micos del programa.<\/span><\/p>\n<p><span style=\"font-size: 14pt;\">De acuerdo con el reporte de la dependencia federal, el mayor n\u00famero de personas fue dado de baja durante 2021, con cuatro mil 325 beneficiados, y baj\u00f3 en los a\u00f1os subsecuentes.<\/span><\/p>\n<\/div>\n<\/article>\n","protected":false},"excerpt":{"rendered":"<p>De 2019 a junio de este a\u00f1o, un total de 17 mil 310 tabasque\u00f1os, 25 por ciento de los 70<\/p>\n","protected":false},"author":4,"featured_media":40534,"comment_status":"closed","ping_status":"closed","sticky":false,"template":"","format":"standard","meta":{"colormag_page_container_layout":"default_layout","colormag_page_sidebar_layout":"default_layout","_jetpack_memberships_contains_paid_content":false,"footnotes":"","jetpack_publicize_message":"","jetpack_publicize_feature_enabled":true,"jetpack_social_post_already_shared":true,"jetpack_social_options":{"image_generator_settings":{"template":"highway","default_image_id":0,"font":"","enabled":false},"version":2}},"categories":[4],"tags":[],"class_list":["post-40533","post","type-post","status-publish","format-standard","has-post-thumbnail","hentry","category-nacional"],"jetpack_publicize_connections":[],"jetpack_featured_media_url":"https:\/\/noticiasveracruz.com\/wp-content\/uploads\/2024\/09\/sembrando.jpg","jetpack_sharing_enabled":true,"publishpress_future_action":{"enabled":false,"date":"2026-05-05 19:36:50","action":"change-status","newStatus":"draft","terms":[],"taxonomy":"category","extraData":[]},"publishpress_future_workflow_manual_trigger":{"enabledWorkflows":[]},"_links":{"self":[{"href":"https:\/\/noticiasveracruz.com\/index.php\/wp-json\/wp\/v2\/posts\/40533","targetHints":{"allow":["GET"]}}],"collection":[{"href":"https:\/\/noticiasveracruz.com\/index.php\/wp-json\/wp\/v2\/posts"}],"about":[{"href":"https:\/\/noticiasveracruz.com\/index.php\/wp-json\/wp\/v2\/types\/post"}],"author":[{"embeddable":true,"href":"https:\/\/noticiasveracruz.com\/index.php\/wp-json\/wp\/v2\/users\/4"}],"replies":[{"embeddable":true,"href":"https:\/\/noticiasveracruz.com\/index.php\/wp-json\/wp\/v2\/comments?post=40533"}],"version-history":[{"count":0,"href":"https:\/\/noticiasveracruz.com\/index.php\/wp-json\/wp\/v2\/posts\/40533\/revisions"}],"wp:featuredmedia":[{"embeddable":true,"href":"https:\/\/noticiasveracruz.com\/index.php\/wp-json\/wp\/v2\/media\/40534"}],"wp:attachment":[{"href":"https:\/\/noticiasveracruz.com\/index.php\/wp-json\/wp\/v2\/media?parent=40533"}],"wp:term":[{"taxonomy":"category","embeddable":true,"href":"https:\/\/noticiasveracruz.com\/index.php\/wp-json\/wp\/v2\/categories?post=40533"},{"taxonomy":"post_tag","embeddable":true,"href":"https:\/\/noticiasveracruz.com\/index.php\/wp-json\/wp\/v2\/tags?post=40533"}],"curies":[{"name":"wp","href":"https:\/\/api.w.org\/{rel}","templated":true}]}}