{"id":40527,"date":"2024-09-22T00:07:52","date_gmt":"2024-09-22T05:07:52","guid":{"rendered":"https:\/\/noticiasveracruz.com\/?p=40527"},"modified":"2024-09-22T00:07:52","modified_gmt":"2024-09-22T05:07:52","slug":"inaugura-amlo-camino-artesanal-en-guelatao","status":"publish","type":"post","link":"https:\/\/noticiasveracruz.com\/index.php\/2024\/09\/22\/inaugura-amlo-camino-artesanal-en-guelatao\/","title":{"rendered":"Inaugura AMLO camino artesanal en Guelatao"},"content":{"rendered":"<div class=\"content-body clearfix \">\n<div id=\"content-body-225-12593276\">\n<p><span style=\"font-size: 14pt;\">El Jefe del Ejecutivo federal Andr\u00e9s Manuel L\u00f3pez Obrador, acompa\u00f1ado de la presidenta electa Claudia Sheinbaum, durante su \u00faltima gira por era estado de Oaxaca, inaugur\u00f3 el camino artesanal Benito Ju\u00e1rez, que recrea la ruta del Benem\u00e9rito de las Am\u00e9ricas, donde destac\u00f3 estar entregando buenas cuentas \u00aby nadie debe decir que le fue mal en lo econ\u00f3mico\u00bb.<\/span><\/p>\n<p><span style=\"font-size: 14pt;\">Al inaugurar el camino artesanal Benito Ju\u00e1rez abarca 43 kil\u00f3metros y que va de Guelatao de Ju\u00e1rez hasta Tlalixtac de Cabrera, el mandatario refiri\u00f3 que esa vialidad, que supuestamente es la ruta de Ju\u00e1rez hacia la capital del estado en su infancia, as\u00ed como los caminos artesanales realizados en este sexenio, son el rostro y la huella imborrable de un gobierno que obedeci\u00f3 el mandato popular y le devolvi\u00f3 al pueblo su papel protag\u00f3nico en los asuntos p\u00fablicos.<\/span><\/p>\n<\/div>\n<\/div>\n<div class=\"advertisment \">\n<div id=\"dfp-nota-1x3s\" data-google-query-id=\"CL-P4MTj1YgDFUaFpgQd68A0rg\">\n<div id=\"google_ads_iframe_\/2000002\/la-prensa\/mexico_nota_1x3_0__container__\">\n<div id=\"inArticle_1\" class=\"st-placement inArticle_1 inArticle\">\n<div class=\"st-adunit st-adunit-tagged st-reset st-show\">\n<div class=\"st-adunit-ad st-reset\">\n<div class=\"st-display-render st-reset open 300x600\">\n<div class=\"st-canvas st-reset horizontal-static\"><span style=\"font-size: 14pt;\">En la ceremonia se explic\u00f3 que el gobierno federal realiz\u00f3 204 caminos que transformaron la geograf\u00eda del estado y la vida cotidiana de las personas al reducir el tiempo de traslado y facilitar el acceso de servicios esenciales; con ello se beneficiaron 201 municipios, 523 localidades y m\u00e1s de 550 mil habitantes.<\/span><\/div>\n<\/div>\n<\/div>\n<\/div>\n<\/div>\n<\/div>\n<\/div>\n<\/div>\n<article class=\"content-continued-body clearfix \">\n<div id=\"content-body-5851641-12593276\">\n<p><span style=\"font-size: 14pt;\">L\u00f3pez Obrador refiri\u00f3 que durante su administraci\u00f3n se trabaj\u00f3 para aportar un modelo de desarrollo y una pol\u00edtica distinta para fortalecer la democracia en M\u00e9xico y restituir el poder del pueblo.<\/span><\/p>\n<p><span style=\"font-size: 14pt;\">\u00abLas diferencias que tienen algunos con nosotros es fundamentalmente por razones de \u00edndole pol\u00edtica o ideol\u00f3gica, porque ellos tienen un pensamiento muy conservador, pero no pueden decir que est\u00e1 muy mal la econom\u00eda, es que est\u00e1n muy bajos los salarios y han aumentado, que no hay trabajo\u00bb, explic\u00f3.<\/span><\/p>\n<p><span style=\"font-size: 14pt;\">Por el contrario, L\u00f3pez Obrador dijo que los salarios aumentaron, y destac\u00f3 que M\u00e9xico es el segundo pa\u00eds con menos desempleo en el mundo y que por primera vez en 50 a\u00f1os no se devaluar\u00e1 el peso al finalizar su sexenio.<\/span><\/p>\n<p><span style=\"font-size: 14pt;\">Asimismo, explic\u00f3 que Oaxaca es un ejemplo nacional y mundial por su cultura, ya que no hay un ninguna otra que mantenga sus tradiciones, costumbres, lenguas y organizaci\u00f3n social. \u201cEl humanismo mexicano tiene dos pilares, uno de ellos la grandeza cultural del pa\u00eds, algo que nos hace \u00fanicos y los mejores, por eso Oaxaca es el principal santuario cultural de M\u00e9xico\u201d.<\/span><\/p>\n<\/div>\n<\/article>\n","protected":false},"excerpt":{"rendered":"<p>El Jefe del Ejecutivo federal Andr\u00e9s Manuel L\u00f3pez Obrador, acompa\u00f1ado de la presidenta electa Claudia Sheinbaum, durante su \u00faltima gira<\/p>\n","protected":false},"author":4,"featured_media":40528,"comment_status":"closed","ping_status":"closed","sticky":false,"template":"","format":"standard","meta":{"colormag_page_container_layout":"default_layout","colormag_page_sidebar_layout":"default_layout","_jetpack_memberships_contains_paid_content":false,"footnotes":"","jetpack_publicize_message":"","jetpack_publicize_feature_enabled":true,"jetpack_social_post_already_shared":true,"jetpack_social_options":{"image_generator_settings":{"template":"highway","default_image_id":0,"font":"","enabled":false},"version":2}},"categories":[4],"tags":[],"class_list":["post-40527","post","type-post","status-publish","format-standard","has-post-thumbnail","hentry","category-nacional"],"jetpack_publicize_connections":[],"jetpack_featured_media_url":"https:\/\/noticiasveracruz.com\/wp-content\/uploads\/2024\/09\/guelatao.jpeg","jetpack_sharing_enabled":true,"publishpress_future_action":{"enabled":false,"date":"2026-05-05 18:59:53","action":"change-status","newStatus":"draft","terms":[],"taxonomy":"category","extraData":[]},"publishpress_future_workflow_manual_trigger":{"enabledWorkflows":[]},"_links":{"self":[{"href":"https:\/\/noticiasveracruz.com\/index.php\/wp-json\/wp\/v2\/posts\/40527","targetHints":{"allow":["GET"]}}],"collection":[{"href":"https:\/\/noticiasveracruz.com\/index.php\/wp-json\/wp\/v2\/posts"}],"about":[{"href":"https:\/\/noticiasveracruz.com\/index.php\/wp-json\/wp\/v2\/types\/post"}],"author":[{"embeddable":true,"href":"https:\/\/noticiasveracruz.com\/index.php\/wp-json\/wp\/v2\/users\/4"}],"replies":[{"embeddable":true,"href":"https:\/\/noticiasveracruz.com\/index.php\/wp-json\/wp\/v2\/comments?post=40527"}],"version-history":[{"count":0,"href":"https:\/\/noticiasveracruz.com\/index.php\/wp-json\/wp\/v2\/posts\/40527\/revisions"}],"wp:featuredmedia":[{"embeddable":true,"href":"https:\/\/noticiasveracruz.com\/index.php\/wp-json\/wp\/v2\/media\/40528"}],"wp:attachment":[{"href":"https:\/\/noticiasveracruz.com\/index.php\/wp-json\/wp\/v2\/media?parent=40527"}],"wp:term":[{"taxonomy":"category","embeddable":true,"href":"https:\/\/noticiasveracruz.com\/index.php\/wp-json\/wp\/v2\/categories?post=40527"},{"taxonomy":"post_tag","embeddable":true,"href":"https:\/\/noticiasveracruz.com\/index.php\/wp-json\/wp\/v2\/tags?post=40527"}],"curies":[{"name":"wp","href":"https:\/\/api.w.org\/{rel}","templated":true}]}}