{"id":40524,"date":"2024-09-22T00:05:08","date_gmt":"2024-09-22T05:05:08","guid":{"rendered":"https:\/\/noticiasveracruz.com\/?p=40524"},"modified":"2024-09-22T00:05:08","modified_gmt":"2024-09-22T05:05:08","slug":"localizan-11-personas-sin-vida-en-ojinaga-chihuahua","status":"publish","type":"post","link":"https:\/\/noticiasveracruz.com\/index.php\/2024\/09\/22\/localizan-11-personas-sin-vida-en-ojinaga-chihuahua\/","title":{"rendered":"Localizan 11 personas sin vida en Ojinaga, Chihuahua"},"content":{"rendered":"<div>\n<div id=\"content-body-225-12584851\">\n<p><span style=\"font-size: 14pt;\">Un total de\u00a011 personas sin vida fueron localizadas en el municipio de Ojinaga, en el estado de Chihuahua. Dos de los cuerpos encontrados fueron decapitados, seg\u00fan lo que inform\u00f3 la Fiscal\u00eda General del Estado.<\/span><\/p>\n<p><span style=\"font-size: 14pt;\">El hallazgo fue en las calles Justo Sierra y calle s\u00e9ptima, a espaldas de las instalaciones de la Comisi\u00f3n Federal de Electricidad (CFE).<\/span><\/p>\n<\/div>\n<\/div>\n<div>\n<div id=\"dfp-nota-1x3s\" data-google-query-id=\"CK3asobj1YgDFbj3GAId0rQXlQ\">\n<div id=\"google_ads_iframe_\/2000002\/la-prensa\/mexico_nota_1x3_0__container__\">\n<div id=\"inArticle_1\">\n<div>\n<div>\n<div>\n<div>\n<div><span style=\"font-size: 14pt;\">Apenas el pasado 8 de septiembre, en calles de Ojinaga\u00a0y en los municipios de Manuel Benavides y Coyame del Sotol, diversos\u00a0enfrentamientos\u00a0dejaron como saldo\u00a0seis personas sin vida y al menos tres heridos.<\/span><\/div>\n<\/div>\n<\/div>\n<\/div>\n<\/div>\n<\/div>\n<\/div>\n<\/div>\n<\/div>\n<article>\n<div id=\"content-body-5851641-12584851\">\n<p><span style=\"font-size: 14pt;\">Derivado de ese hecho, la Secretar\u00eda de Seguridad P\u00fablica Estatal (SSPE), la Agencia Estatal de Investigaci\u00f3n (AEI), Guardia Nacional y la Sedena, implementaron un operativo especial para mantener el orden y la seguridad de los habitantes de dichos municipios.<\/span><\/p>\n<p><span style=\"font-size: 14pt;\">A d\u00edas del\u00a0enfrentamiento\u00a0en Manuel Benavides se registr\u00f3 un\u00a0ataque armado contra fuerzas estatales, que dej\u00f3 como saldo siete detenidos, de los cuales solo a cuatro les pudieron acreditar su participaci\u00f3n en la agresi\u00f3n.<\/span><\/p>\n<p><span style=\"font-size: 14pt;\">Se espera que las autoridades estatales sean convocadas a una reuni\u00f3n urgente de seguridad en punto de las diez de la ma\u00f1ana en Palacio de Gobierno.<\/span><\/p>\n<\/div>\n<\/article>\n","protected":false},"excerpt":{"rendered":"<p>Un total de\u00a011 personas sin vida fueron localizadas en el municipio de Ojinaga, en el estado de Chihuahua. Dos de<\/p>\n","protected":false},"author":4,"featured_media":40525,"comment_status":"closed","ping_status":"closed","sticky":false,"template":"","format":"standard","meta":{"colormag_page_container_layout":"default_layout","colormag_page_sidebar_layout":"default_layout","_jetpack_memberships_contains_paid_content":false,"footnotes":"","jetpack_publicize_message":"","jetpack_publicize_feature_enabled":true,"jetpack_social_post_already_shared":true,"jetpack_social_options":{"image_generator_settings":{"template":"highway","default_image_id":0,"font":"","enabled":false},"version":2}},"categories":[4],"tags":[],"class_list":["post-40524","post","type-post","status-publish","format-standard","has-post-thumbnail","hentry","category-nacional"],"jetpack_publicize_connections":[],"jetpack_featured_media_url":"https:\/\/noticiasveracruz.com\/wp-content\/uploads\/2024\/09\/movilizacion-ojinaga.jpg","jetpack_sharing_enabled":true,"publishpress_future_action":{"enabled":false,"date":"2026-05-05 18:40:30","action":"change-status","newStatus":"draft","terms":[],"taxonomy":"category","extraData":[]},"publishpress_future_workflow_manual_trigger":{"enabledWorkflows":[]},"_links":{"self":[{"href":"https:\/\/noticiasveracruz.com\/index.php\/wp-json\/wp\/v2\/posts\/40524","targetHints":{"allow":["GET"]}}],"collection":[{"href":"https:\/\/noticiasveracruz.com\/index.php\/wp-json\/wp\/v2\/posts"}],"about":[{"href":"https:\/\/noticiasveracruz.com\/index.php\/wp-json\/wp\/v2\/types\/post"}],"author":[{"embeddable":true,"href":"https:\/\/noticiasveracruz.com\/index.php\/wp-json\/wp\/v2\/users\/4"}],"replies":[{"embeddable":true,"href":"https:\/\/noticiasveracruz.com\/index.php\/wp-json\/wp\/v2\/comments?post=40524"}],"version-history":[{"count":0,"href":"https:\/\/noticiasveracruz.com\/index.php\/wp-json\/wp\/v2\/posts\/40524\/revisions"}],"wp:featuredmedia":[{"embeddable":true,"href":"https:\/\/noticiasveracruz.com\/index.php\/wp-json\/wp\/v2\/media\/40525"}],"wp:attachment":[{"href":"https:\/\/noticiasveracruz.com\/index.php\/wp-json\/wp\/v2\/media?parent=40524"}],"wp:term":[{"taxonomy":"category","embeddable":true,"href":"https:\/\/noticiasveracruz.com\/index.php\/wp-json\/wp\/v2\/categories?post=40524"},{"taxonomy":"post_tag","embeddable":true,"href":"https:\/\/noticiasveracruz.com\/index.php\/wp-json\/wp\/v2\/tags?post=40524"}],"curies":[{"name":"wp","href":"https:\/\/api.w.org\/{rel}","templated":true}]}}