{"id":40462,"date":"2024-09-20T22:41:16","date_gmt":"2024-09-21T03:41:16","guid":{"rendered":"https:\/\/noticiasveracruz.com\/?p=40462"},"modified":"2024-09-20T22:41:16","modified_gmt":"2024-09-21T03:41:16","slug":"se-presenta-en-tuxpan-la-banda-sinfonica-de-la-secretaria-de-marina-armada-de-mexico","status":"publish","type":"post","link":"https:\/\/noticiasveracruz.com\/index.php\/2024\/09\/20\/se-presenta-en-tuxpan-la-banda-sinfonica-de-la-secretaria-de-marina-armada-de-mexico\/","title":{"rendered":"Se presenta en Tuxpan la Banda Sinf\u00f3nica de la Secretar\u00eda de Marina Armada de M\u00e9xico"},"content":{"rendered":"<p><img loading=\"lazy\" decoding=\"async\" class=\"size-medium wp-image-40463 aligncenter\" src=\"http:\/\/noticiasveracruz.com\/wp-content\/uploads\/2024\/09\/0f4b8821-03c7-4286-8a13-c6e019c8ad4b-204x300.jpg\" alt=\"\" width=\"204\" height=\"300\" srcset=\"https:\/\/noticiasveracruz.com\/wp-content\/uploads\/2024\/09\/0f4b8821-03c7-4286-8a13-c6e019c8ad4b-204x300.jpg 204w, https:\/\/noticiasveracruz.com\/wp-content\/uploads\/2024\/09\/0f4b8821-03c7-4286-8a13-c6e019c8ad4b.jpg 516w\" sizes=\"auto, (max-width: 204px) 100vw, 204px\" \/><\/p>\n<p><span style=\"font-size: 14pt;\"><strong>\u2022 El concierto ser\u00e1 el mi\u00e9rcoles 25 de septiembre, a las 17:00 horas, en la Plaza C\u00edvica<\/strong><\/span><\/p>\n<p><span style=\"font-size: 14pt;\">El Gobierno de Tuxpan y la Universidad Veracruzana invitan al p\u00fablico en general al Concierto de la Banda Sinf\u00f3nica de la Secretar\u00eda de Marina Armada de M\u00e9xico, el pr\u00f3ximo mi\u00e9rcoles 25 de septiembre, a las 17:00 horas, en la plaza c\u00edvica.<\/span><\/p>\n<p><span style=\"font-size: 14pt;\">El alcalde Lic. Jos\u00e9 Manuel Pozos Castro destac\u00f3 la excelencia de los m\u00fasicos de esta banda sinf\u00f3nica que sin duda dar\u00e1 una presentaci\u00f3n inolvidable al pueblo de Tuxpan.<\/span><\/p>\n<p><span style=\"font-size: 14pt;\">El concierto se enmarca en el contexto hist\u00f3rico de la conmemoraci\u00f3n del \u201c23 de Noviembre de 1914: Devoluci\u00f3n del Puerto de Veracruz al Gobierno de M\u00e9xico\u201d.<\/span><\/p>\n<p><span style=\"font-size: 14pt;\">Adem\u00e1s, se tendr\u00e1 una charla previa de la Dra. Cecilia S\u00e1nchez-Hidalgo, del Instituto de Investigaciones Hist\u00f3rico-Sociales.<\/span><\/p>\n<p><span style=\"font-size: 14pt;\">Es importante destacar que esta presentaci\u00f3n \u00fanica es parte del ciclo \u201cM\u00fasica y Contexto o el Sonido como Historia\u201d, temporada 2024.<\/span><\/p>\n","protected":false},"excerpt":{"rendered":"<p>\u2022 El concierto ser\u00e1 el mi\u00e9rcoles 25 de septiembre, a las 17:00 horas, en la Plaza C\u00edvica El Gobierno de<\/p>\n","protected":false},"author":4,"featured_media":40464,"comment_status":"closed","ping_status":"closed","sticky":false,"template":"","format":"standard","meta":{"colormag_page_container_layout":"default_layout","colormag_page_sidebar_layout":"default_layout","_jetpack_memberships_contains_paid_content":false,"footnotes":"","jetpack_publicize_message":"","jetpack_publicize_feature_enabled":true,"jetpack_social_post_already_shared":true,"jetpack_social_options":{"image_generator_settings":{"template":"highway","default_image_id":0,"font":"","enabled":false},"version":2}},"categories":[3372,356],"tags":[],"class_list":["post-40462","post","type-post","status-publish","format-standard","has-post-thumbnail","hentry","category-gobierno-tuxpan","category-veracruz"],"jetpack_publicize_connections":[],"jetpack_featured_media_url":"https:\/\/noticiasveracruz.com\/wp-content\/uploads\/2024\/09\/maxresdefault.jpg","jetpack_sharing_enabled":true,"publishpress_future_action":{"enabled":false,"date":"2026-05-10 04:26:00","action":"change-status","newStatus":"draft","terms":[],"taxonomy":"category","extraData":[]},"publishpress_future_workflow_manual_trigger":{"enabledWorkflows":[]},"_links":{"self":[{"href":"https:\/\/noticiasveracruz.com\/index.php\/wp-json\/wp\/v2\/posts\/40462","targetHints":{"allow":["GET"]}}],"collection":[{"href":"https:\/\/noticiasveracruz.com\/index.php\/wp-json\/wp\/v2\/posts"}],"about":[{"href":"https:\/\/noticiasveracruz.com\/index.php\/wp-json\/wp\/v2\/types\/post"}],"author":[{"embeddable":true,"href":"https:\/\/noticiasveracruz.com\/index.php\/wp-json\/wp\/v2\/users\/4"}],"replies":[{"embeddable":true,"href":"https:\/\/noticiasveracruz.com\/index.php\/wp-json\/wp\/v2\/comments?post=40462"}],"version-history":[{"count":0,"href":"https:\/\/noticiasveracruz.com\/index.php\/wp-json\/wp\/v2\/posts\/40462\/revisions"}],"wp:featuredmedia":[{"embeddable":true,"href":"https:\/\/noticiasveracruz.com\/index.php\/wp-json\/wp\/v2\/media\/40464"}],"wp:attachment":[{"href":"https:\/\/noticiasveracruz.com\/index.php\/wp-json\/wp\/v2\/media?parent=40462"}],"wp:term":[{"taxonomy":"category","embeddable":true,"href":"https:\/\/noticiasveracruz.com\/index.php\/wp-json\/wp\/v2\/categories?post=40462"},{"taxonomy":"post_tag","embeddable":true,"href":"https:\/\/noticiasveracruz.com\/index.php\/wp-json\/wp\/v2\/tags?post=40462"}],"curies":[{"name":"wp","href":"https:\/\/api.w.org\/{rel}","templated":true}]}}