{"id":40454,"date":"2024-09-20T08:06:51","date_gmt":"2024-09-20T13:06:51","guid":{"rendered":"https:\/\/noticiasveracruz.com\/?p=40454"},"modified":"2024-09-20T08:06:51","modified_gmt":"2024-09-20T13:06:51","slug":"comce-estima-impacto-economico-de-3000-millones-de-dolares-por-colapso-en-modulos-de-importacion-en-nuevo-laredo","status":"publish","type":"post","link":"https:\/\/noticiasveracruz.com\/index.php\/2024\/09\/20\/comce-estima-impacto-economico-de-3000-millones-de-dolares-por-colapso-en-modulos-de-importacion-en-nuevo-laredo\/","title":{"rendered":"Comce estima impacto econ\u00f3mico de 3,000 millones de d\u00f3lares por colapso en m\u00f3dulos de importaci\u00f3n en Nuevo Laredo"},"content":{"rendered":"<div>\n<p><span style=\"font-size: 14pt;\">La ca\u00edda del techo de los m\u00f3dulos de importaci\u00f3n en el cruce fronterizo de Nuevo Laredo, ocurrido el pasado 15 de septiembre, afect\u00f3 el flujo de 15,000 camiones de carga, que se tuvieron que desviar hacia el Puerto Colombia, de Nuevo Le\u00f3n. \u00a0<\/span><\/p>\n<\/div>\n<div>\n<div>\n<div><span style=\"font-size: 14pt;\">Aunque el gobierno de Tamaulipas, Comce Cap\u00edtulo Nuevo Laredo, Aduana de M\u00e9xico y de Estados Unidos y transportistas, trabajaron en un plan de contingencia para reparar el techo de los m\u00f3dulos de importaci\u00f3n\u00a0que\u00a0colaps\u00f3 tras la fuerte tormenta\u00a0del 15 de septiembre, la suspensi\u00f3n de actividades durante un d\u00eda tuvo un impacto econ\u00f3mico de 3,000 millones de d\u00f3lares.<\/span><\/div>\n<\/div>\n<div>\n<div id=\"readNote\">\n<div>\n<p><span style=\"font-size: 14pt;\">El director general del Consejo Mexicano de Comercio Exterior (Comce) Noreste, Andr\u00e9s Franco Zald\u00edvar, se\u00f1al\u00f3 que \u201cla tormenta afect\u00f3 el cruce fronterizo m\u00e1s importante de la regi\u00f3n noreste, por donde transitan a diario 15,000 camiones de carga\u201d. Por ello, se puede haber afectado el comercio exterior 3,000 millones de d\u00f3lares en un solo d\u00eda.<\/span><\/p>\n<\/div>\n<\/div>\n<\/div>\n<\/div>\n","protected":false},"excerpt":{"rendered":"<p>La ca\u00edda del techo de los m\u00f3dulos de importaci\u00f3n en el cruce fronterizo de Nuevo Laredo, ocurrido el pasado 15<\/p>\n","protected":false},"author":4,"featured_media":40455,"comment_status":"closed","ping_status":"closed","sticky":false,"template":"","format":"standard","meta":{"colormag_page_container_layout":"default_layout","colormag_page_sidebar_layout":"default_layout","_jetpack_memberships_contains_paid_content":false,"footnotes":"","jetpack_publicize_message":"","jetpack_publicize_feature_enabled":true,"jetpack_social_post_already_shared":true,"jetpack_social_options":{"image_generator_settings":{"template":"highway","default_image_id":0,"font":"","enabled":false},"version":2}},"categories":[145],"tags":[],"class_list":["post-40454","post","type-post","status-publish","format-standard","has-post-thumbnail","hentry","category-estados"],"jetpack_publicize_connections":[],"jetpack_featured_media_url":"https:\/\/noticiasveracruz.com\/wp-content\/uploads\/2024\/09\/aduana_nuevo_laredo_cortesia-1.jpg_554688468-1.jpg","jetpack_sharing_enabled":true,"publishpress_future_action":{"enabled":false,"date":"2026-05-10 07:12:43","action":"change-status","newStatus":"draft","terms":[],"taxonomy":"category","extraData":[]},"publishpress_future_workflow_manual_trigger":{"enabledWorkflows":[]},"_links":{"self":[{"href":"https:\/\/noticiasveracruz.com\/index.php\/wp-json\/wp\/v2\/posts\/40454","targetHints":{"allow":["GET"]}}],"collection":[{"href":"https:\/\/noticiasveracruz.com\/index.php\/wp-json\/wp\/v2\/posts"}],"about":[{"href":"https:\/\/noticiasveracruz.com\/index.php\/wp-json\/wp\/v2\/types\/post"}],"author":[{"embeddable":true,"href":"https:\/\/noticiasveracruz.com\/index.php\/wp-json\/wp\/v2\/users\/4"}],"replies":[{"embeddable":true,"href":"https:\/\/noticiasveracruz.com\/index.php\/wp-json\/wp\/v2\/comments?post=40454"}],"version-history":[{"count":0,"href":"https:\/\/noticiasveracruz.com\/index.php\/wp-json\/wp\/v2\/posts\/40454\/revisions"}],"wp:featuredmedia":[{"embeddable":true,"href":"https:\/\/noticiasveracruz.com\/index.php\/wp-json\/wp\/v2\/media\/40455"}],"wp:attachment":[{"href":"https:\/\/noticiasveracruz.com\/index.php\/wp-json\/wp\/v2\/media?parent=40454"}],"wp:term":[{"taxonomy":"category","embeddable":true,"href":"https:\/\/noticiasveracruz.com\/index.php\/wp-json\/wp\/v2\/categories?post=40454"},{"taxonomy":"post_tag","embeddable":true,"href":"https:\/\/noticiasveracruz.com\/index.php\/wp-json\/wp\/v2\/tags?post=40454"}],"curies":[{"name":"wp","href":"https:\/\/api.w.org\/{rel}","templated":true}]}}