{"id":40451,"date":"2024-09-20T08:04:14","date_gmt":"2024-09-20T13:04:14","guid":{"rendered":"https:\/\/noticiasveracruz.com\/?p=40451"},"modified":"2024-09-20T08:04:14","modified_gmt":"2024-09-20T13:04:14","slug":"uso-de-militares-no-ha-solucionado-la-grave-crisis-de-violencia-en-mexico-ongs-y-amnistia-internacional","status":"publish","type":"post","link":"https:\/\/noticiasveracruz.com\/index.php\/2024\/09\/20\/uso-de-militares-no-ha-solucionado-la-grave-crisis-de-violencia-en-mexico-ongs-y-amnistia-internacional\/","title":{"rendered":"Uso de militares no ha solucionado la grave crisis de violencia en M\u00e9xico: ONGs y Amnist\u00eda Internacional"},"content":{"rendered":"<div class=\"content-body clearfix \">\n<div id=\"content-body-225-12583691\">\n<p><span style=\"font-size: 14pt;\">Representantes de los Colectivos Seguridad Sin Guerra, la Justicia que queremos, integrados por diversas organizaciones defensoras de los derechos humanos y colectivos de v\u00edctimas y Amnist\u00eda Internacional, se\u00f1alaron que la iniciativa de reforma que se discute en la C\u00e1mara de Diputados formalizar\u00eda el paso de la Guardia Nacional \u2013creada en marzo de 2019\u2013 a la Secretar\u00eda de la Defensa Nacional (Sedena) y su incorporaci\u00f3n a la Fuerza Armada Permanente, a pesar de que\u00a0<b>el uso de militares en las tareas de seguridad p\u00fablica no ha solucionado la grave crisis de violencia e inseguridad que vive M\u00e9xico desde hace tres sexenios.<\/b><\/span><\/p>\n<p><span style=\"font-size: 14pt;\">Los colectivos refieren que la\u00a0<b>Guardia Nacional es la s\u00e9ptima instituci\u00f3n con m\u00e1s quejas por presuntas violaciones a los derechos humanos\u00a0<\/b>ante la Comisi\u00f3n Nacional de los Derechos Humanos (CNDH), con 1,772 expedientes registrados, de acuerdo con el Sistema de Alerta de este organismo.<\/span><\/p>\n<\/div>\n<\/div>\n<article class=\"content-continued-body clearfix \">\n<div id=\"content-body-5851641-12583691\">\n<div class=\"teads-inread\">\n<div class=\"teads-ui-components-label\"><span style=\"font-size: 14pt;\">La reforma constitucional que est\u00e1 por votarse incluye aspectos graves y de altos riesgos para los derechos humanos de la ciudadan\u00eda, entre ellos:<\/span><\/div>\n<\/div>\n<ul>\n<li><span style=\"font-size: 14pt;\">El Presidente<b>\u00a0podr\u00e1 usar discrecionalmente y en cualquier momento a la Fuerza Armada Permanente\u00a0<\/b>en tareas de seguridad p\u00fablica, seguridad interior y defensa exterior, aun en tiempos de paz.<\/span><\/li>\n<li><span style=\"font-size: 14pt;\">La incorporaci\u00f3n de la Guardia Nacional a la Fuerza Armada Permanente.<\/span><\/li>\n<\/ul>\n<ul>\n<li><span style=\"font-size: 14pt;\">La facultad de la Guardia Nacional de realizar labores de investigaci\u00f3n bajo el mando del Ministerio P\u00fablico.<\/span><\/li>\n<\/ul>\n<p><span style=\"font-size: 14pt;\">En conferencia de prensa,\u00a0<b>las activistas lamentaron que sus \u00faltimos d\u00edas como presidente, Andr\u00e9s Manuel L\u00f3pez Obrador busca empoderar a\u00fan m\u00e1s a las Fuerzas Armadas en el pa\u00eds,\u00a0<\/b>otorg\u00e1ndoles facultades constitucionales inimaginables que las convertir\u00edan en un poder facultado para tareas de seguridad nacional, seguridad p\u00fablica, de investigaci\u00f3n, de participaci\u00f3n en construcciones p\u00fablicas, de vigilancia y control fronterizo, entre otras, cubiertos de un manto de secrec\u00eda y opacidad bajo un fuero militar.<\/span><\/p>\n<p><span style=\"font-size: 14pt;\">Tambi\u00e9n recordaron las palabras de Andr\u00e9s Manuel L\u00f3pez Obrador, cuando buscaba la Presidencia del pa\u00eds en 2010,<b>\u00a0\u201cno es con el Ej\u00e9rcito como se pueden resolver los problemas de inseguridad y de violencia\u201d<\/b>, y ahora se olvid\u00f3 de ello.<\/span><\/p>\n<p><span style=\"font-size: 14pt;\">Expusieron que<b>\u00a0\u201cel presidente Ju\u00e1rez sab\u00eda que no pod\u00edamos apostar a una rep\u00fablica militar, sino a una rep\u00fablica civilista.<\/b><\/span><\/p>\n<p><span style=\"font-size: 14pt;\">Citaron que la facultad del Poder Legislativo de expedir disposiciones secundarias sobre la participaci\u00f3n de las Fuerzas Armadas en labores de seguridad interior y seguridad p\u00fablica.<\/span><\/p>\n<div class=\"teads-inread\">\n<div id=\"teads1\" class=\"teads-player\"><span style=\"font-size: 14pt;\">A\u00fan en tiempos de paz, <b>el Congreso y el Ejecutivo podr\u00e1n otorgar todo tipo de funciones a la Fuerza Armada Permanente.<\/b><\/span><\/div>\n<\/div>\n<p><span style=\"font-size: 14pt;\">La posibilidad de que un militar participe en las elecciones presidenciales, con el hecho simple de no estar en activo seis meses antes de la elecci\u00f3n.<\/span><\/p>\n<p><span style=\"font-size: 14pt;\">El nuevo<b>\u00a0titular de la Guardia Nacional ser\u00e1 un General de Divisi\u00f3n,\u00a0<\/b>designado por el Presidente de la Rep\u00fablica a propuesta del titular de la Sedena.<\/span><\/p>\n<p><span style=\"font-size: 14pt;\">Desde los colectivos y Amnist\u00eda Internacional,\u00a0<b>advierten de los graves riesgos para la democracia y la vigencia de los derechos humanos, que significa la reforma.<\/b><\/span><\/p>\n<p><span style=\"font-size: 14pt;\"><b>\u201cHemos denunciado constantemente los efectos perversos de la militarizaci\u00f3n<\/b>\u00a0de la seguridad p\u00fablica y de la administraci\u00f3n p\u00fablica, a trav\u00e9s de la incorporaci\u00f3n de la Guardia Nacional a tareas reservadas al poder civil.<\/span><\/p>\n<p><span style=\"font-size: 14pt;\">Entre las principales violaciones a derechos humanos atribuidas a la Guardia Nacional se encuentran: faltar a la legalidad, honradez, lealtad, imparcialidad y eficacia; prestar indebidamente el servicio p\u00fablico; detenciones arbitrarias; emplear arbitrariamente la fuerza p\u00fablica;<b>\u00a0acciones y omisiones que transgreden los derechos de las personas migrantes; trato cruel, inhumano o degradante.<\/b><\/span><\/p>\n<p><span style=\"font-size: 14pt;\">Adem\u00e1s, la participaci\u00f3n de militares en la seguridad p\u00fablica no ha tra\u00eddo beneficios o mejoras en la aplicaci\u00f3n de justicia, por el contrario,<b>\u00a0un foco rojo del uso de militares en tareas de seguridad ciudadana es el abuso de la fuerza,<\/b>\u00a0el cual ha sido mayor en este sexenio que en el anterior, de acuerdo con el An\u00e1lisis de la Propuesta de reforma constitucional sobre las fuerzas armadas en el que la organizaci\u00f3n Intersecta eval\u00faa el \u00edndice de letalidad resultado de los enfrentamientos entre militares y civiles.<\/span><\/p>\n<p><span style=\"font-size: 14pt;\">\u201cExigimos que el Congreso discuta seriamente la iniciativa de reforma y que escuche las preocupaciones expresadas por la sociedad civil, incluyendo los efectos que el uso de las Fuerzas Armadas ha tra\u00eddo en la seguridad p\u00fablica\u201d, demandan.<\/span><\/p>\n<\/div>\n<\/article>\n","protected":false},"excerpt":{"rendered":"<p>Representantes de los Colectivos Seguridad Sin Guerra, la Justicia que queremos, integrados por diversas organizaciones defensoras de los derechos humanos<\/p>\n","protected":false},"author":4,"featured_media":40452,"comment_status":"closed","ping_status":"closed","sticky":false,"template":"","format":"standard","meta":{"colormag_page_container_layout":"default_layout","colormag_page_sidebar_layout":"default_layout","_jetpack_memberships_contains_paid_content":false,"footnotes":"","jetpack_publicize_message":"","jetpack_publicize_feature_enabled":true,"jetpack_social_post_already_shared":true,"jetpack_social_options":{"image_generator_settings":{"template":"highway","default_image_id":0,"font":"","enabled":false},"version":2}},"categories":[4],"tags":[],"class_list":["post-40451","post","type-post","status-publish","format-standard","has-post-thumbnail","hentry","category-nacional"],"jetpack_publicize_connections":[],"jetpack_featured_media_url":"https:\/\/noticiasveracruz.com\/wp-content\/uploads\/2024\/09\/ejercito-seguridad-CUARTOSCURO.jpg","jetpack_sharing_enabled":true,"publishpress_future_action":{"enabled":false,"date":"2026-05-10 09:02:29","action":"change-status","newStatus":"draft","terms":[],"taxonomy":"category","extraData":[]},"publishpress_future_workflow_manual_trigger":{"enabledWorkflows":[]},"_links":{"self":[{"href":"https:\/\/noticiasveracruz.com\/index.php\/wp-json\/wp\/v2\/posts\/40451","targetHints":{"allow":["GET"]}}],"collection":[{"href":"https:\/\/noticiasveracruz.com\/index.php\/wp-json\/wp\/v2\/posts"}],"about":[{"href":"https:\/\/noticiasveracruz.com\/index.php\/wp-json\/wp\/v2\/types\/post"}],"author":[{"embeddable":true,"href":"https:\/\/noticiasveracruz.com\/index.php\/wp-json\/wp\/v2\/users\/4"}],"replies":[{"embeddable":true,"href":"https:\/\/noticiasveracruz.com\/index.php\/wp-json\/wp\/v2\/comments?post=40451"}],"version-history":[{"count":0,"href":"https:\/\/noticiasveracruz.com\/index.php\/wp-json\/wp\/v2\/posts\/40451\/revisions"}],"wp:featuredmedia":[{"embeddable":true,"href":"https:\/\/noticiasveracruz.com\/index.php\/wp-json\/wp\/v2\/media\/40452"}],"wp:attachment":[{"href":"https:\/\/noticiasveracruz.com\/index.php\/wp-json\/wp\/v2\/media?parent=40451"}],"wp:term":[{"taxonomy":"category","embeddable":true,"href":"https:\/\/noticiasveracruz.com\/index.php\/wp-json\/wp\/v2\/categories?post=40451"},{"taxonomy":"post_tag","embeddable":true,"href":"https:\/\/noticiasveracruz.com\/index.php\/wp-json\/wp\/v2\/tags?post=40451"}],"curies":[{"name":"wp","href":"https:\/\/api.w.org\/{rel}","templated":true}]}}