{"id":40448,"date":"2024-09-20T08:01:16","date_gmt":"2024-09-20T13:01:16","guid":{"rendered":"https:\/\/noticiasveracruz.com\/?p=40448"},"modified":"2024-09-20T08:01:16","modified_gmt":"2024-09-20T13:01:16","slug":"morenistas-excluyen-a-marinos-de-la-guardia-nacional-solo-estara-integrada-por-militares","status":"publish","type":"post","link":"https:\/\/noticiasveracruz.com\/index.php\/2024\/09\/20\/morenistas-excluyen-a-marinos-de-la-guardia-nacional-solo-estara-integrada-por-militares\/","title":{"rendered":"Morenistas excluyen a marinos de la Guardia Nacional; s\u00f3lo estar\u00e1 integrada por militares"},"content":{"rendered":"<div>\n<div id=\"content-body-225-12584707\">\n<p><span style=\"font-size: 14pt;\">Morena y aliados aprobaron una\u00a0reserva para excluir a los elementos de la Secretar\u00eda de Marina de la Guardia Nacional,\u00a0a\u00fan cuando son los que m\u00e1s confianza generan en la poblaci\u00f3n, seg\u00fan datos del Instituto Nacional de Estad\u00edstica y Geograf\u00eda (INEGI).<\/span><\/p>\n<p><span style=\"font-size: 14pt;\">El dictamen de la reforma constitucional en materia de\u00a0Guardia Nacional\u00a0aprobado por la\u00a0Comisi\u00f3n de Puntos Constitucionales de la C\u00e1mara de Diputados\u00a0establec\u00eda que\u00a0la corporaci\u00f3n ser\u00eda integrada por elementos de la Secretar\u00eda de la Defensa Nacional (Sedena), la Marina y elementos de la extinta Polic\u00eda Federal, sin embargo,\u00a0ahora s\u00f3lo ser\u00e1n militares los que conformen la Guardia Nacional.<\/span><\/p>\n<\/div>\n<\/div>\n<div>\n<div id=\"dfp-nota-1x3s\" data-google-query-id=\"CI6r_uHJ0YgDFcLt9QIdGJgW6g\">\n<div id=\"google_ads_iframe_\/2000002\/la-prensa\/mexico_nota_1x3_0__container__\">\n<div id=\"inArticle_1\">\n<div>\n<div>\n<div>\n<div><span style=\"font-size: 14pt;\">La reserva al art\u00edculo 21 de la Constituci\u00f3n fue presentada por la diputada morenista Merari Villegas y fue criticada por los diputados de oposici\u00f3n.<\/span><\/div>\n<\/div>\n<\/div>\n<\/div>\n<\/div>\n<\/div>\n<\/div>\n<\/div>\n<article>\n<div id=\"content-body-5851641-12584707\">\n<p><span style=\"font-size: 14pt;\">El diputado Gibr\u00e1n Ram\u00edrez, antes morenista y ahora de Movimiento Ciudadano, acus\u00f3 que Morena se quit\u00f3 la m\u00e1scara y dej\u00f3 ver su intenci\u00f3n de militarizar la seguridad p\u00fablica.<\/span><\/p>\n<p><span style=\"font-size: 14pt;\">\u201cQuiero agradecer primero que se haga esta reserva porque es una reserva del descaro,\u00a0se la pasaron diciendo que no se trataba de militarizar la seguridad p\u00fablica ni la vida p\u00fablica de M\u00e9xico y ahora se plantea como tal\u00a0(&#8230;) ahora se han quitado esa m\u00e1scara y han dejado sentir aqu\u00ed, en la argumentaci\u00f3n confusa que se da, la bota de la Secretar\u00eda de la Defensa Nacional que est\u00e1 aqu\u00ed diciendo \u2018este juguete, la Guardia, es m\u00edo, no es de la Marina, no es de nadie que venga de otro lado, es m\u00edo\u2019. Es la confesi\u00f3n que est\u00e1n haciendo\u201d, dijo el emecista mientras los morenistas le gritaban traidor.<\/span><\/p>\n<p><span style=\"font-size: 14pt;\">Los morenistas defendieron la reserva y toda la reforma en materia de\u00a0Guardia Nacional, la cual fue enviada al Senado de la Rep\u00fablica para su discusi\u00f3n y en su caso aprobaci\u00f3n.<\/span><\/p>\n<p><span style=\"font-size: 14pt;\">De acuerdo con el informe \u201cGuardia Nacional: cuatro a\u00f1os de una definici\u00f3n militarista\u201d de la organizaci\u00f3n Causa en Com\u00fan, hasta 2022 hab\u00eda 14 mil 541 elementos de la Marina en la Guardia Nacional, por lo que queda en vilo el destino de dichos elementos.<\/span><\/p>\n<\/div>\n<\/article>\n","protected":false},"excerpt":{"rendered":"<p>Morena y aliados aprobaron una\u00a0reserva para excluir a los elementos de la Secretar\u00eda de Marina de la Guardia Nacional,\u00a0a\u00fan cuando<\/p>\n","protected":false},"author":4,"featured_media":40449,"comment_status":"closed","ping_status":"closed","sticky":false,"template":"","format":"standard","meta":{"colormag_page_container_layout":"default_layout","colormag_page_sidebar_layout":"default_layout","_jetpack_memberships_contains_paid_content":false,"footnotes":"","jetpack_publicize_message":"","jetpack_publicize_feature_enabled":true,"jetpack_social_post_already_shared":true,"jetpack_social_options":{"image_generator_settings":{"template":"highway","default_image_id":0,"font":"","enabled":false},"version":2}},"categories":[4],"tags":[],"class_list":["post-40448","post","type-post","status-publish","format-standard","has-post-thumbnail","hentry","category-nacional"],"jetpack_publicize_connections":[],"jetpack_featured_media_url":"https:\/\/noticiasveracruz.com\/wp-content\/uploads\/2024\/09\/diputados-guardia-nacional.png","jetpack_sharing_enabled":true,"publishpress_future_action":{"enabled":false,"date":"2026-05-10 10:06:29","action":"change-status","newStatus":"draft","terms":[],"taxonomy":"category","extraData":[]},"publishpress_future_workflow_manual_trigger":{"enabledWorkflows":[]},"_links":{"self":[{"href":"https:\/\/noticiasveracruz.com\/index.php\/wp-json\/wp\/v2\/posts\/40448","targetHints":{"allow":["GET"]}}],"collection":[{"href":"https:\/\/noticiasveracruz.com\/index.php\/wp-json\/wp\/v2\/posts"}],"about":[{"href":"https:\/\/noticiasveracruz.com\/index.php\/wp-json\/wp\/v2\/types\/post"}],"author":[{"embeddable":true,"href":"https:\/\/noticiasveracruz.com\/index.php\/wp-json\/wp\/v2\/users\/4"}],"replies":[{"embeddable":true,"href":"https:\/\/noticiasveracruz.com\/index.php\/wp-json\/wp\/v2\/comments?post=40448"}],"version-history":[{"count":0,"href":"https:\/\/noticiasveracruz.com\/index.php\/wp-json\/wp\/v2\/posts\/40448\/revisions"}],"wp:featuredmedia":[{"embeddable":true,"href":"https:\/\/noticiasveracruz.com\/index.php\/wp-json\/wp\/v2\/media\/40449"}],"wp:attachment":[{"href":"https:\/\/noticiasveracruz.com\/index.php\/wp-json\/wp\/v2\/media?parent=40448"}],"wp:term":[{"taxonomy":"category","embeddable":true,"href":"https:\/\/noticiasveracruz.com\/index.php\/wp-json\/wp\/v2\/categories?post=40448"},{"taxonomy":"post_tag","embeddable":true,"href":"https:\/\/noticiasveracruz.com\/index.php\/wp-json\/wp\/v2\/tags?post=40448"}],"curies":[{"name":"wp","href":"https:\/\/api.w.org\/{rel}","templated":true}]}}