{"id":40445,"date":"2024-09-20T07:57:13","date_gmt":"2024-09-20T12:57:13","guid":{"rendered":"https:\/\/noticiasveracruz.com\/?p=40445"},"modified":"2024-09-20T07:57:13","modified_gmt":"2024-09-20T12:57:13","slug":"fiscalia-de-ny-pide-cadena-perpetua-para-genaro-garcia-luna","status":"publish","type":"post","link":"https:\/\/noticiasveracruz.com\/index.php\/2024\/09\/20\/fiscalia-de-ny-pide-cadena-perpetua-para-genaro-garcia-luna\/","title":{"rendered":"Fiscal\u00eda de NY pide cadena perpetua para Genaro Garc\u00eda Luna"},"content":{"rendered":"<div>\n<div id=\"content-body-225-12581296\">\n<p><span style=\"font-size: 14pt;\">El\u00a0Gobierno de Estados Unidos, a trav\u00e9s del fiscal Breon Peace, pidi\u00f3 a la\u00a0Corte de Nueva York\u00a0que\u00a0Genaro Garc\u00eda Luna,\u00a0exsecretario de Seguridad federal\u00a0de M\u00e9xico durante el gobierno de\u00a0Felipe Calder\u00f3n, sea\u00a0condenado a cadena perpetua.<\/span><\/p>\n<p><span style=\"font-size: 14pt;\">A trav\u00e9s de una carta enviada este jueves al\u00a0juez instructor Brian Cogan, de la\u00a0Corte de Brooklyn, Nueva York, el\u00a0fiscal jefe del Tribunal de Distrito Este, Breon Peace, se\u00f1al\u00f3 que durante la gesti\u00f3n como funcionario de seguridad en el gobierno de M\u00e9xico,\u00a0Garc\u00eda Luna \u00abse aprovech\u00f3 de su poder y autoridad\u00a0aceptando\u00a0millones de d\u00f3lares en sobornos\u00a0de una organizaci\u00f3n de narcotraficantes a la que jur\u00f3 perseguir\u201d.<\/span><\/p>\n<\/div>\n<\/div>\n<div>\n<div id=\"dfp-nota-1x3s\" data-google-query-id=\"CKD23sfH0IgDFXCFywEdjH8wmA\">\n<div id=\"google_ads_iframe_\/2000002\/la-prensa\/mexico_nota_1x3_0__container__\"><span style=\"font-size: 14pt;\">Tras ser pospuesta en varias ocasiones, la sentencia est\u00e1 prevista para el 9 de octubre.\u00a0Ese d\u00eda, el juez Cogan dictar\u00e1 su\u00a0fallo\u00a0contra Garc\u00eda Luna\u00a0ante los\u00a0cinco cargos que existen en su contra\u00a0y por los cuales ya\u00a0fue declarado culpable en febrero de 2023..<\/span><\/div>\n<div><\/div>\n<div><span style=\"font-size: 14pt;\">Los cargos son:\u00a0participar en una empresa delictiva continuada;\u00a0conspiraci\u00f3n para distribuir y poseer coca\u00edna; conspiraci\u00f3n para la importaci\u00f3n de coca\u00edna; conspiraci\u00f3n para la distribuci\u00f3n internacional de coca\u00edna; y hacer declaraciones falsas.<\/span><\/div>\n<\/div>\n<\/div>\n<article>\n<div id=\"content-body-5851641-12581296\">\n<p><span style=\"font-size: 14pt;\">La Fiscal\u00eda se\u00f1al\u00f3 que\u00a0sus \u00abcr\u00edmenes exigen justicia\u00bb, por lo que recomend\u00f3 al juez Brian Cogan \u00abque el tribunal imponga una sentencia de\u00a0cadena perpetua\u00bb.<\/span><\/p>\n<p><span style=\"font-size: 14pt;\">Es dif\u00edcil exagerar la magnitud de los cr\u00edmenes del acusado, las muertes y la adicci\u00f3n que facilit\u00f3 y su traici\u00f3n al pueblo de M\u00e9xico y de Estados Unidos<\/span><\/p>\n<\/div>\n<\/article>\n","protected":false},"excerpt":{"rendered":"<p>El\u00a0Gobierno de Estados Unidos, a trav\u00e9s del fiscal Breon Peace, pidi\u00f3 a la\u00a0Corte de Nueva York\u00a0que\u00a0Genaro Garc\u00eda Luna,\u00a0exsecretario de Seguridad<\/p>\n","protected":false},"author":4,"featured_media":40446,"comment_status":"closed","ping_status":"closed","sticky":false,"template":"","format":"standard","meta":{"colormag_page_container_layout":"default_layout","colormag_page_sidebar_layout":"default_layout","_jetpack_memberships_contains_paid_content":false,"footnotes":"","jetpack_publicize_message":"","jetpack_publicize_feature_enabled":true,"jetpack_social_post_already_shared":true,"jetpack_social_options":{"image_generator_settings":{"template":"highway","default_image_id":0,"font":"","enabled":false},"version":2}},"categories":[355],"tags":[],"class_list":["post-40445","post","type-post","status-publish","format-standard","has-post-thumbnail","hentry","category-internacional"],"jetpack_publicize_connections":[],"jetpack_featured_media_url":"https:\/\/noticiasveracruz.com\/wp-content\/uploads\/2024\/09\/Genaro-Garcia-Luna_juicio-NY.jpg","jetpack_sharing_enabled":true,"publishpress_future_action":{"enabled":false,"date":"2026-05-10 11:14:27","action":"change-status","newStatus":"draft","terms":[],"taxonomy":"category","extraData":[]},"publishpress_future_workflow_manual_trigger":{"enabledWorkflows":[]},"_links":{"self":[{"href":"https:\/\/noticiasveracruz.com\/index.php\/wp-json\/wp\/v2\/posts\/40445","targetHints":{"allow":["GET"]}}],"collection":[{"href":"https:\/\/noticiasveracruz.com\/index.php\/wp-json\/wp\/v2\/posts"}],"about":[{"href":"https:\/\/noticiasveracruz.com\/index.php\/wp-json\/wp\/v2\/types\/post"}],"author":[{"embeddable":true,"href":"https:\/\/noticiasveracruz.com\/index.php\/wp-json\/wp\/v2\/users\/4"}],"replies":[{"embeddable":true,"href":"https:\/\/noticiasveracruz.com\/index.php\/wp-json\/wp\/v2\/comments?post=40445"}],"version-history":[{"count":0,"href":"https:\/\/noticiasveracruz.com\/index.php\/wp-json\/wp\/v2\/posts\/40445\/revisions"}],"wp:featuredmedia":[{"embeddable":true,"href":"https:\/\/noticiasveracruz.com\/index.php\/wp-json\/wp\/v2\/media\/40446"}],"wp:attachment":[{"href":"https:\/\/noticiasveracruz.com\/index.php\/wp-json\/wp\/v2\/media?parent=40445"}],"wp:term":[{"taxonomy":"category","embeddable":true,"href":"https:\/\/noticiasveracruz.com\/index.php\/wp-json\/wp\/v2\/categories?post=40445"},{"taxonomy":"post_tag","embeddable":true,"href":"https:\/\/noticiasveracruz.com\/index.php\/wp-json\/wp\/v2\/tags?post=40445"}],"curies":[{"name":"wp","href":"https:\/\/api.w.org\/{rel}","templated":true}]}}