{"id":40401,"date":"2024-09-20T00:03:24","date_gmt":"2024-09-20T05:03:24","guid":{"rendered":"https:\/\/noticiasveracruz.com\/?p=40401"},"modified":"2024-09-19T21:48:26","modified_gmt":"2024-09-20T02:48:26","slug":"tuxpeno-triunfa-en-chile","status":"publish","type":"post","link":"https:\/\/noticiasveracruz.com\/index.php\/2024\/09\/20\/tuxpeno-triunfa-en-chile\/","title":{"rendered":"Tuxpe\u00f1o triunfa en Chile"},"content":{"rendered":"<ul>\n<li><span style=\"font-size: 14pt;\"><em><strong>Obtiene el premio Campe\u00f3n Oro en el concurso iberoamericano de proyectos estudiantiles de ciencia y tecnolog\u00eda<\/strong><\/em><\/span><\/li>\n<\/ul>\n<p><span style=\"font-size: 14pt;\">Un joven estudiante de secundaria, de 14 a\u00f1os, Gustavo Andr\u00e9s Gallardo Sosa, ha logrado un destacado reconocimiento al obtener el premio Campe\u00f3n Oro en el concurso iberoamericano de proyectos estudiantiles de ciencia y tecnolog\u00eda Infomatrix, realizado en Chill\u00e1n, Chile.<\/span><\/p>\n<p><span style=\"font-size: 14pt;\">Gustavo Andr\u00e9s particip\u00f3 con su cuento \u00abEl Sue\u00f1o de Luna\u00bb, una fascinante exploraci\u00f3n del universo a trav\u00e9s de los ojos de una peque\u00f1a luna con un anhelo insaciable por descubrir los secretos del cosmos. El relato resalta la importancia de la curiosidad, la exploraci\u00f3n y el aprendizaje continuo.<\/span><\/p>\n<p><span style=\"font-size: 14pt;\">En entrevista con el destacado estudiante, se\u00f1al\u00f3 que representar a M\u00e9xico en Chile ha sido como un sue\u00f1o, y m\u00e1s a\u00fan el haber ganado el primer lugar. Agradeci\u00f3 el apoyo de maestros, amigos y de sus padres, quienes han estado con \u00e9l en todo momento.<\/span><\/p>\n<p><span style=\"font-size: 14pt;\">Gustavo a su corta edad, ya tiene definido qu\u00e9 quiere estudiar, y desea ser ingeniero electromec\u00e1nico, por lo que hizo un llamado a todos los ni\u00f1os y adolescentes para que luchen por sus sue\u00f1os, para que se pongan metas y hagan realidad sus proyectos, ya que nunca es tarde para llevarlos a cabo.<\/span><\/p>\n<p><span style=\"font-size: 14pt;\">El proceso comenz\u00f3 en su sal\u00f3n de clase de espa\u00f1ol de segundo grado de secundaria, donde clasific\u00f3 a la ronda Infomatrix regional golfo norte. Posteriormente, obtuvo la medalla de plata y acreditaci\u00f3n al Concurso Nacional Infomatrix en Guadalajara, Jalisco.<\/span><\/p>\n<p><span style=\"font-size: 14pt;\">Luego, recibi\u00f3 la medalla de oro y acreditaci\u00f3n internacional en el concurso Infomatrix iberoam\u00e9rica en Chile, adem\u00e1s de hacerse acreedor a la publicaci\u00f3n de su cuento a nivel internacional.<\/span><\/p>\n<p><span style=\"font-size: 14pt;\">SOLACYT, la Sociedad Latinoamericana de Ciencia y Tecnolog\u00eda Aplicada, es una asociaci\u00f3n civil sin fines de lucro que promueve las artes, ciencia y tecnolog\u00eda a trav\u00e9s de concursos y actividades como Infomatrix, Robomatrix, C\u00f3digo Ciencia, entre otros.<\/span><\/p>\n<p><span style=\"font-size: 14pt;\">Gustavo Andr\u00e9s es un ejemplo de la creatividad y talento de los j\u00f3venes mexicanos, en especial de los tuxpe\u00f1os y su logro es un orgullo para sus maestros, padres y comunidad en general.<\/span><\/p>\n<p><span style=\"font-size: 14pt;\">Este reconocimiento internacional abre nuevas oportunidades para Gustavo Andr\u00e9s, quien ya se perfila como un destacado talento en el \u00e1mbito cient\u00edfico y literario. Su \u00e9xito es un est\u00edmulo para otros j\u00f3venes a seguir explorando sus pasiones y desarrollando sus habilidades, demostrando que, con dedicaci\u00f3n y esfuerzo, pueden alcanzar grandes logros a nivel nacional e internacional.<\/span><\/p>\n","protected":false},"excerpt":{"rendered":"<p>Obtiene el premio Campe\u00f3n Oro en el concurso iberoamericano de proyectos estudiantiles de ciencia y tecnolog\u00eda Un joven estudiante de<\/p>\n","protected":false},"author":4,"featured_media":40402,"comment_status":"closed","ping_status":"closed","sticky":false,"template":"","format":"standard","meta":{"colormag_page_container_layout":"default_layout","colormag_page_sidebar_layout":"default_layout","_jetpack_memberships_contains_paid_content":false,"footnotes":"","jetpack_publicize_message":"","jetpack_publicize_feature_enabled":true,"jetpack_social_post_already_shared":true,"jetpack_social_options":{"image_generator_settings":{"template":"highway","default_image_id":0,"font":"","enabled":false},"version":2}},"categories":[356],"tags":[],"class_list":["post-40401","post","type-post","status-publish","format-standard","has-post-thumbnail","hentry","category-veracruz"],"jetpack_publicize_connections":[],"jetpack_featured_media_url":"https:\/\/noticiasveracruz.com\/wp-content\/uploads\/2024\/09\/5a.jpg","jetpack_sharing_enabled":true,"publishpress_future_action":{"enabled":false,"date":"2026-05-10 10:06:28","action":"change-status","newStatus":"draft","terms":[],"taxonomy":"category","extraData":[]},"publishpress_future_workflow_manual_trigger":{"enabledWorkflows":[]},"_links":{"self":[{"href":"https:\/\/noticiasveracruz.com\/index.php\/wp-json\/wp\/v2\/posts\/40401","targetHints":{"allow":["GET"]}}],"collection":[{"href":"https:\/\/noticiasveracruz.com\/index.php\/wp-json\/wp\/v2\/posts"}],"about":[{"href":"https:\/\/noticiasveracruz.com\/index.php\/wp-json\/wp\/v2\/types\/post"}],"author":[{"embeddable":true,"href":"https:\/\/noticiasveracruz.com\/index.php\/wp-json\/wp\/v2\/users\/4"}],"replies":[{"embeddable":true,"href":"https:\/\/noticiasveracruz.com\/index.php\/wp-json\/wp\/v2\/comments?post=40401"}],"version-history":[{"count":0,"href":"https:\/\/noticiasveracruz.com\/index.php\/wp-json\/wp\/v2\/posts\/40401\/revisions"}],"wp:featuredmedia":[{"embeddable":true,"href":"https:\/\/noticiasveracruz.com\/index.php\/wp-json\/wp\/v2\/media\/40402"}],"wp:attachment":[{"href":"https:\/\/noticiasveracruz.com\/index.php\/wp-json\/wp\/v2\/media?parent=40401"}],"wp:term":[{"taxonomy":"category","embeddable":true,"href":"https:\/\/noticiasveracruz.com\/index.php\/wp-json\/wp\/v2\/categories?post=40401"},{"taxonomy":"post_tag","embeddable":true,"href":"https:\/\/noticiasveracruz.com\/index.php\/wp-json\/wp\/v2\/tags?post=40401"}],"curies":[{"name":"wp","href":"https:\/\/api.w.org\/{rel}","templated":true}]}}