{"id":40398,"date":"2024-09-20T00:02:07","date_gmt":"2024-09-20T05:02:07","guid":{"rendered":"https:\/\/noticiasveracruz.com\/?p=40398"},"modified":"2024-09-19T21:46:53","modified_gmt":"2024-09-20T02:46:53","slug":"participa-congreso-de-veracruz-en-simulacro-nacional","status":"publish","type":"post","link":"https:\/\/noticiasveracruz.com\/index.php\/2024\/09\/20\/participa-congreso-de-veracruz-en-simulacro-nacional\/","title":{"rendered":"Participa Congreso de Veracruz en simulacro nacional"},"content":{"rendered":"<p><span style=\"font-size: 14pt;\">Este 19 de septiembre, el Congreso de Veracruz se sum\u00f3 al simulacro nacional, convocado por el Gobierno de M\u00e9xico, a trav\u00e9s de la Secretar\u00eda de Seguridad y Protecci\u00f3n Ciudadana y la Coordinaci\u00f3n Nacional de Protecci\u00f3n Civil.<\/span><\/p>\n<p><span style=\"font-size: 14pt;\">Como cada a\u00f1o, en punto de las 11:00 horas, con la coordinaci\u00f3n de la Unidad Interna de Protecci\u00f3n Civil, personal y visitantes fueron evacuados de las distintas \u00e1reas del Palacio Legislativo y conducidos al Punto de Reuni\u00f3n ubicado en la explanada de actos c\u00edvicos.<\/span><\/p>\n<p><span style=\"font-size: 14pt;\">En presencia de las y los participantes, el presidente de la Comisi\u00f3n Permanente de Protecci\u00f3n Civil de la LXVI Legislatura, diputado Luis Arturo Santiago Mart\u00ednez, reconoci\u00f3 la labor que este Congreso realiza para prevenir cualquier acontecimiento, que sin ser antropog\u00e9nicos, causan dolor y sufrimiento a las personas y exigen una respuesta inmediata y laboriosa.<\/span><\/p>\n<p><span style=\"font-size: 14pt;\">El legislador agradeci\u00f3 la asistencia de diputadas, diputados, autoridades y personal de este Poder, a quienes exhort\u00f3 a mantenerse atentos a las informaciones e indicaciones de las instancias gubernamentales competentes.<\/span><\/p>\n","protected":false},"excerpt":{"rendered":"<p>Este 19 de septiembre, el Congreso de Veracruz se sum\u00f3 al simulacro nacional, convocado por el Gobierno de M\u00e9xico, a<\/p>\n","protected":false},"author":4,"featured_media":40399,"comment_status":"closed","ping_status":"closed","sticky":false,"template":"","format":"standard","meta":{"colormag_page_container_layout":"default_layout","colormag_page_sidebar_layout":"default_layout","_jetpack_memberships_contains_paid_content":false,"footnotes":"","jetpack_publicize_message":"","jetpack_publicize_feature_enabled":true,"jetpack_social_post_already_shared":true,"jetpack_social_options":{"image_generator_settings":{"template":"highway","default_image_id":0,"font":"","enabled":false},"version":2}},"categories":[356],"tags":[],"class_list":["post-40398","post","type-post","status-publish","format-standard","has-post-thumbnail","hentry","category-veracruz"],"jetpack_publicize_connections":[],"jetpack_featured_media_url":"https:\/\/noticiasveracruz.com\/wp-content\/uploads\/2024\/09\/CONGRESO.jpg","jetpack_sharing_enabled":true,"publishpress_future_action":{"enabled":false,"date":"2026-05-10 09:02:54","action":"change-status","newStatus":"draft","terms":[],"taxonomy":"category","extraData":[]},"publishpress_future_workflow_manual_trigger":{"enabledWorkflows":[]},"_links":{"self":[{"href":"https:\/\/noticiasveracruz.com\/index.php\/wp-json\/wp\/v2\/posts\/40398","targetHints":{"allow":["GET"]}}],"collection":[{"href":"https:\/\/noticiasveracruz.com\/index.php\/wp-json\/wp\/v2\/posts"}],"about":[{"href":"https:\/\/noticiasveracruz.com\/index.php\/wp-json\/wp\/v2\/types\/post"}],"author":[{"embeddable":true,"href":"https:\/\/noticiasveracruz.com\/index.php\/wp-json\/wp\/v2\/users\/4"}],"replies":[{"embeddable":true,"href":"https:\/\/noticiasveracruz.com\/index.php\/wp-json\/wp\/v2\/comments?post=40398"}],"version-history":[{"count":0,"href":"https:\/\/noticiasveracruz.com\/index.php\/wp-json\/wp\/v2\/posts\/40398\/revisions"}],"wp:featuredmedia":[{"embeddable":true,"href":"https:\/\/noticiasveracruz.com\/index.php\/wp-json\/wp\/v2\/media\/40399"}],"wp:attachment":[{"href":"https:\/\/noticiasveracruz.com\/index.php\/wp-json\/wp\/v2\/media?parent=40398"}],"wp:term":[{"taxonomy":"category","embeddable":true,"href":"https:\/\/noticiasveracruz.com\/index.php\/wp-json\/wp\/v2\/categories?post=40398"},{"taxonomy":"post_tag","embeddable":true,"href":"https:\/\/noticiasveracruz.com\/index.php\/wp-json\/wp\/v2\/tags?post=40398"}],"curies":[{"name":"wp","href":"https:\/\/api.w.org\/{rel}","templated":true}]}}