{"id":40395,"date":"2024-09-20T00:01:54","date_gmt":"2024-09-20T05:01:54","guid":{"rendered":"https:\/\/noticiasveracruz.com\/?p=40395"},"modified":"2024-09-19T21:44:39","modified_gmt":"2024-09-20T02:44:39","slug":"importante-promover-cultura-de-prevencion-ante-siniestros-tuxpenos","status":"publish","type":"post","link":"https:\/\/noticiasveracruz.com\/index.php\/2024\/09\/20\/importante-promover-cultura-de-prevencion-ante-siniestros-tuxpenos\/","title":{"rendered":"Importante promover cultura de prevenci\u00f3n ante siniestros: tuxpe\u00f1os"},"content":{"rendered":"<p><span style=\"font-size: 14pt;\">A trav\u00e9s de un sondeo participantes del simulacro de incendio en el Ayuntamiento de Tuxpan comentaron que consideran necesaria la realizaci\u00f3n de este tipo eventos para preparase ante alg\u00fan siniestro que pudiera ocurrir.<\/span><\/p>\n<p><span style=\"font-size: 14pt;\">Indicaron que pese que participan a\u00f1o con a\u00f1o de estos eventos de prevenci\u00f3n, a\u00fan desconocen el paso a paso de como actuar ante la eventualidad de alg\u00fan incidente como un incendio o sismo.<\/span><\/p>\n<p><span style=\"font-size: 14pt;\">As\u00ed mismo se\u00f1alaron que al no haber experimentado alguno de estos incidentes de manera real, no le han otorgado la seriedad que merecen estas actividades.\u00a0<\/span><\/p>\n<p><span style=\"font-size: 14pt;\">Coincidieron que es importante generar una mayor cultura de prevenci\u00f3n as\u00ed como dar una mayor difusi\u00f3n de los protocolos que se deben seguir ante el surgimiento de un siniestro.<\/span><\/p>\n","protected":false},"excerpt":{"rendered":"<p>A trav\u00e9s de un sondeo participantes del simulacro de incendio en el Ayuntamiento de Tuxpan comentaron que consideran necesaria la<\/p>\n","protected":false},"author":4,"featured_media":40396,"comment_status":"closed","ping_status":"closed","sticky":false,"template":"","format":"standard","meta":{"colormag_page_container_layout":"default_layout","colormag_page_sidebar_layout":"default_layout","_jetpack_memberships_contains_paid_content":false,"footnotes":"","jetpack_publicize_message":"","jetpack_publicize_feature_enabled":true,"jetpack_social_post_already_shared":true,"jetpack_social_options":{"image_generator_settings":{"template":"highway","default_image_id":0,"font":"","enabled":false},"version":2}},"categories":[356],"tags":[],"class_list":["post-40395","post","type-post","status-publish","format-standard","has-post-thumbnail","hentry","category-veracruz"],"jetpack_publicize_connections":[],"jetpack_featured_media_url":"https:\/\/noticiasveracruz.com\/wp-content\/uploads\/2024\/09\/importante-promover-cultura-de-prevencion-ante-siniestros-tuxpenos-552398.jpg","jetpack_sharing_enabled":true,"publishpress_future_action":{"enabled":false,"date":"2026-05-10 07:13:23","action":"change-status","newStatus":"draft","terms":[],"taxonomy":"category","extraData":[]},"publishpress_future_workflow_manual_trigger":{"enabledWorkflows":[]},"_links":{"self":[{"href":"https:\/\/noticiasveracruz.com\/index.php\/wp-json\/wp\/v2\/posts\/40395","targetHints":{"allow":["GET"]}}],"collection":[{"href":"https:\/\/noticiasveracruz.com\/index.php\/wp-json\/wp\/v2\/posts"}],"about":[{"href":"https:\/\/noticiasveracruz.com\/index.php\/wp-json\/wp\/v2\/types\/post"}],"author":[{"embeddable":true,"href":"https:\/\/noticiasveracruz.com\/index.php\/wp-json\/wp\/v2\/users\/4"}],"replies":[{"embeddable":true,"href":"https:\/\/noticiasveracruz.com\/index.php\/wp-json\/wp\/v2\/comments?post=40395"}],"version-history":[{"count":0,"href":"https:\/\/noticiasveracruz.com\/index.php\/wp-json\/wp\/v2\/posts\/40395\/revisions"}],"wp:featuredmedia":[{"embeddable":true,"href":"https:\/\/noticiasveracruz.com\/index.php\/wp-json\/wp\/v2\/media\/40396"}],"wp:attachment":[{"href":"https:\/\/noticiasveracruz.com\/index.php\/wp-json\/wp\/v2\/media?parent=40395"}],"wp:term":[{"taxonomy":"category","embeddable":true,"href":"https:\/\/noticiasveracruz.com\/index.php\/wp-json\/wp\/v2\/categories?post=40395"},{"taxonomy":"post_tag","embeddable":true,"href":"https:\/\/noticiasveracruz.com\/index.php\/wp-json\/wp\/v2\/tags?post=40395"}],"curies":[{"name":"wp","href":"https:\/\/api.w.org\/{rel}","templated":true}]}}