{"id":40392,"date":"2024-09-20T00:00:54","date_gmt":"2024-09-20T05:00:54","guid":{"rendered":"https:\/\/noticiasveracruz.com\/?p=40392"},"modified":"2024-09-19T21:42:45","modified_gmt":"2024-09-20T02:42:45","slug":"inicia-primera-etapa-de-recuperacion-de-manglares-en-tuxpan","status":"publish","type":"post","link":"https:\/\/noticiasveracruz.com\/index.php\/2024\/09\/20\/inicia-primera-etapa-de-recuperacion-de-manglares-en-tuxpan\/","title":{"rendered":"Inicia primera etapa de recuperaci\u00f3n de manglares en Tuxpan"},"content":{"rendered":"<p><span style=\"font-size: 14pt;\">Con apoyo de pobladores de la comunidad Barra Galindo, la Secretaria de Medio Ambiente de Veracruz inici\u00f3 el proyecto de restauraci\u00f3n de la zona de manglar aleda\u00f1a a la Termoel\u00e9ctrica \u00abAdolfo L\u00f3pez Mateos\u00bb.<\/span><\/p>\n<p><span style=\"font-size: 14pt;\">En una primera etapa y con miras a obtener resultados en los primeros dos a\u00f1os, estar\u00e1n atendiendo 162 hect\u00e1reas mediante la apertura de canales de flujo h\u00eddrico y la siembra de pl\u00e1ntulas de mangle de las especies Rojo y Negro.<\/span><\/p>\n<p><span style=\"font-size: 14pt;\">Juan Carlos Contreras Bautista, titular de la SEDEMA Veracruz explic\u00f3 que el da\u00f1o que se observa en esta zona, obedece a por lo menos tres d\u00e9cadas de degradaci\u00f3n y de acuerdo a Daniel Jarvio Arellano, Superintendente de la obra, esta afectaci\u00f3n fue impulsada por la construcci\u00f3n de terraplenes para suministro de agua al inicio de la edificaci\u00f3n de la Termoel\u00e9ctrica &#8211; 1982- que afect\u00f3 el flujo h\u00eddrico en la zona, la cual en \u00faltimos reportes lleg\u00f3 a alcanzar hasta 104 Partes por Mill\u00f3n de salinidad.<\/span><\/p>\n<p><span style=\"font-size: 14pt;\">Agregaron que la parte medular es recuperar el flujo hidrol\u00f3gico del sitio de esta zona que adem\u00e1s es considerada Sitio Ramsar y cuyos efectos del cambio clim\u00e1tico, hacen necesario pensar a futuro en fortalecer esta barrera natural de contenci\u00f3n de eventos como huracanes y ciclones.<\/span><\/p>\n","protected":false},"excerpt":{"rendered":"<p>Con apoyo de pobladores de la comunidad Barra Galindo, la Secretaria de Medio Ambiente de Veracruz inici\u00f3 el proyecto de<\/p>\n","protected":false},"author":4,"featured_media":40393,"comment_status":"closed","ping_status":"closed","sticky":false,"template":"","format":"standard","meta":{"colormag_page_container_layout":"default_layout","colormag_page_sidebar_layout":"default_layout","_jetpack_memberships_contains_paid_content":false,"footnotes":"","jetpack_publicize_message":"","jetpack_publicize_feature_enabled":true,"jetpack_social_post_already_shared":true,"jetpack_social_options":{"image_generator_settings":{"template":"highway","default_image_id":0,"font":"","enabled":false},"version":2}},"categories":[356],"tags":[],"class_list":["post-40392","post","type-post","status-publish","format-standard","has-post-thumbnail","hentry","category-veracruz"],"jetpack_publicize_connections":[],"jetpack_featured_media_url":"https:\/\/noticiasveracruz.com\/wp-content\/uploads\/2024\/09\/inicia-primera-etapa-de-recuperacion-de-manglares-en-tuxpan-552466.jpg","jetpack_sharing_enabled":true,"publishpress_future_action":{"enabled":false,"date":"2026-05-10 05:11:48","action":"change-status","newStatus":"draft","terms":[],"taxonomy":"category","extraData":[]},"publishpress_future_workflow_manual_trigger":{"enabledWorkflows":[]},"_links":{"self":[{"href":"https:\/\/noticiasveracruz.com\/index.php\/wp-json\/wp\/v2\/posts\/40392","targetHints":{"allow":["GET"]}}],"collection":[{"href":"https:\/\/noticiasveracruz.com\/index.php\/wp-json\/wp\/v2\/posts"}],"about":[{"href":"https:\/\/noticiasveracruz.com\/index.php\/wp-json\/wp\/v2\/types\/post"}],"author":[{"embeddable":true,"href":"https:\/\/noticiasveracruz.com\/index.php\/wp-json\/wp\/v2\/users\/4"}],"replies":[{"embeddable":true,"href":"https:\/\/noticiasveracruz.com\/index.php\/wp-json\/wp\/v2\/comments?post=40392"}],"version-history":[{"count":0,"href":"https:\/\/noticiasveracruz.com\/index.php\/wp-json\/wp\/v2\/posts\/40392\/revisions"}],"wp:featuredmedia":[{"embeddable":true,"href":"https:\/\/noticiasveracruz.com\/index.php\/wp-json\/wp\/v2\/media\/40393"}],"wp:attachment":[{"href":"https:\/\/noticiasveracruz.com\/index.php\/wp-json\/wp\/v2\/media?parent=40392"}],"wp:term":[{"taxonomy":"category","embeddable":true,"href":"https:\/\/noticiasveracruz.com\/index.php\/wp-json\/wp\/v2\/categories?post=40392"},{"taxonomy":"post_tag","embeddable":true,"href":"https:\/\/noticiasveracruz.com\/index.php\/wp-json\/wp\/v2\/tags?post=40392"}],"curies":[{"name":"wp","href":"https:\/\/api.w.org\/{rel}","templated":true}]}}