{"id":40388,"date":"2024-09-19T15:01:21","date_gmt":"2024-09-19T20:01:21","guid":{"rendered":"https:\/\/noticiasveracruz.com\/?p=40388"},"modified":"2024-09-19T15:01:21","modified_gmt":"2024-09-19T20:01:21","slug":"ayuntamiento-y-dif-tuxpan-participaron-en-el-simulacro-nacional-2024-en-el-dia-nacional-de-proteccion-civil","status":"publish","type":"post","link":"https:\/\/noticiasveracruz.com\/index.php\/2024\/09\/19\/ayuntamiento-y-dif-tuxpan-participaron-en-el-simulacro-nacional-2024-en-el-dia-nacional-de-proteccion-civil\/","title":{"rendered":"Ayuntamiento y DIF Tuxpan participaron en el Simulacro Nacional 2024, en el D\u00eda Nacional de Protecci\u00f3n Civil"},"content":{"rendered":"<p><span style=\"font-size: 14pt;\"><em><strong>\u2022 El alcalde Jos\u00e9 Manuel Pozos record\u00f3 a las v\u00edctimas de los terremotos e hizo un reconocimiento a las instituciones de auxilio, rescate, fuerzas armadas y h\u00e9roes an\u00f3nimos.<\/strong><\/em><\/span><\/p>\n<p><span style=\"font-size: 14pt;\">El Ayuntamiento de Tuxpan y el DIF Municipal participaron en el Simulacro Nacional 2024, en el marco del D\u00eda Nacional de Protecci\u00f3n Civil.<\/span><\/p>\n<p><span style=\"font-size: 14pt;\">Las unidades de Protecci\u00f3n Civil y Bomberos, as\u00ed como los cuerpos de asistencia m\u00e9dica tuvieron una comunicaci\u00f3n y respuesta r\u00e1pida. Conforme al reporte, se evacuaron siguiendo los protocolos establecidos, un total de 1,182 personas en un lapso de 5 minutos, registrando la hip\u00f3tesis de un lesionado.<\/span><\/p>\n<p><span style=\"font-size: 14pt;\">En las instalaciones del Ayuntamiento se realiz\u00f3 un simulacro en el que particip\u00f3 el alcalde Jos\u00e9 Manuel Pozos Castro; la regidora Lucero Res\u00e9ndis Ambrocio, el regidor Luis Demetrio L\u00f3pez Mar\u00edn, y todo el personal que labora en las diferentes \u00e1reas.<\/span><\/p>\n<p><span style=\"font-size: 14pt;\">Luego de la evacuaci\u00f3n se procedi\u00f3 a la revisi\u00f3n de cada una de las oficinas para descartar da\u00f1os en las instalaciones.<\/span><\/p>\n<p><span style=\"font-size: 14pt;\">Tambi\u00e9n se realizaron simulacros en las oficinas centrales del DIF Tuxpan, guarder\u00eda, servicio m\u00e9dico, Centro Regional de Rehabilitaci\u00f3n Integral, CAIC, Estancia Temporal Infantil y Adulto Mayor.<\/span><\/p>\n<p><img loading=\"lazy\" decoding=\"async\" class=\"size-medium wp-image-40389 aligncenter\" src=\"http:\/\/noticiasveracruz.com\/wp-content\/uploads\/2024\/09\/2b8a3a86-23e6-42dd-8c04-b94162920a8c-300x200.jpg\" alt=\"\" width=\"300\" height=\"200\" srcset=\"https:\/\/noticiasveracruz.com\/wp-content\/uploads\/2024\/09\/2b8a3a86-23e6-42dd-8c04-b94162920a8c-300x200.jpg 300w, https:\/\/noticiasveracruz.com\/wp-content\/uploads\/2024\/09\/2b8a3a86-23e6-42dd-8c04-b94162920a8c.jpg 760w\" sizes=\"auto, (max-width: 300px) 100vw, 300px\" \/><\/p>\n<p><span style=\"font-size: 14pt;\">\u201cEn este D\u00eda Nacional de Protecci\u00f3n Civil recordamos a las v\u00edctimas de los terremotos de 1985 y 2017, adem\u00e1s de la generosidad y empat\u00eda de los mexicanos y de otras naciones\u201d, expres\u00f3 el presidente municipal, Lic. Jos\u00e9 Manuel Pozos Castro.<\/span><\/p>\n<p><span style=\"font-size: 14pt;\">Agreg\u00f3 que esta fecha debe recordarnos que debemos estar preparados, y que la autoprotecci\u00f3n es la mejor defensa ante cualquier situaci\u00f3n de peligro o emergencia:<\/span><\/p>\n<p><span style=\"font-size: 14pt;\">\u201cHoy concluimos con \u00e9xito este ejercicio, que nos permite mejorar nuestra actuaci\u00f3n ante una emergencia. Queda muy claro que una poblaci\u00f3n mejor informada, organizada y preparada siempre ser\u00e1 menos vulnerable. Todos somos corresponsables de nuestra seguridad individual y colectiva, porque la protecci\u00f3n civil es tarea de todos\u201d.<\/span><\/p>\n<p><span style=\"font-size: 14pt;\">Pozos Castro destac\u00f3 el trabajo de bomberos, rescatistas, param\u00e9dicos, soldados, marinos, polic\u00edas y personal de Protecci\u00f3n Civil: \u201cnuestro reconocimiento a los h\u00e9roes an\u00f3nimos que son el ejemplo m\u00e1s inspirador de amor al pr\u00f3jimo\u201d.<\/span><\/p>\n<p><span style=\"font-size: 14pt;\">Concluy\u00f3 su mensaje con un exhorto a seguir trabajando unidos los 3 \u00f3rdenes de gobierno, la sociedad civil y los sectores social y privado: \u201cporque juntos somos m\u00e1s fuertes que cualquier adversidad\u201d.<\/span><\/p>\n<p><span style=\"font-size: 14pt;\">Protecci\u00f3n Civil tambi\u00e9n realiz\u00f3 revisiones en los simulacros que se desarrollaron de manera paralela en el DIF Tuxpan, Hospital IMSS Bienestar \u201cEmilio Alc\u00e1zar\u201d, en el edificio del Sistema de Administraci\u00f3n Tributaria (SAT), FGR, SEDENA, Tr\u00e1nsito Municipal, panteones, COMUDE, 19\u00aa Zona Militar, y en las instalaciones del Colegio Patria, Office Depot y Caja Popular.<\/span><\/p>\n<p><span style=\"font-size: 14pt;\">En el simulacro participaron elementos Protecci\u00f3n Civil, Bomberos y Tr\u00e1nsito Municipal; as\u00ed como personal de Salud.<\/span><\/p>\n<p><span style=\"font-size: 14pt;\">Con estas acciones se busca fomentar la cultura de Protecci\u00f3n Civil y las medidas de prevenci\u00f3n entre la poblaci\u00f3n; del mismo modo, fortalecer la capacidad de reacci\u00f3n de las unidades de Protecci\u00f3n Civil en situaciones de emergencia o desastres naturales.<\/span><\/p>\n","protected":false},"excerpt":{"rendered":"<p>\u2022 El alcalde Jos\u00e9 Manuel Pozos record\u00f3 a las v\u00edctimas de los terremotos e hizo un reconocimiento a las instituciones<\/p>\n","protected":false},"author":4,"featured_media":40390,"comment_status":"closed","ping_status":"closed","sticky":false,"template":"","format":"standard","meta":{"colormag_page_container_layout":"default_layout","colormag_page_sidebar_layout":"default_layout","_jetpack_memberships_contains_paid_content":false,"footnotes":"","jetpack_publicize_message":"","jetpack_publicize_feature_enabled":true,"jetpack_social_post_already_shared":true,"jetpack_social_options":{"image_generator_settings":{"template":"highway","default_image_id":0,"font":"","enabled":false},"version":2}},"categories":[3372,356],"tags":[],"class_list":["post-40388","post","type-post","status-publish","format-standard","has-post-thumbnail","hentry","category-gobierno-tuxpan","category-veracruz"],"jetpack_publicize_connections":[],"jetpack_featured_media_url":"https:\/\/noticiasveracruz.com\/wp-content\/uploads\/2024\/09\/684bbb5d-bf6c-4995-958a-957bb60a0973.jpg","jetpack_sharing_enabled":true,"publishpress_future_action":{"enabled":false,"date":"2026-05-10 04:26:00","action":"change-status","newStatus":"draft","terms":[],"taxonomy":"category","extraData":[]},"publishpress_future_workflow_manual_trigger":{"enabledWorkflows":[]},"_links":{"self":[{"href":"https:\/\/noticiasveracruz.com\/index.php\/wp-json\/wp\/v2\/posts\/40388","targetHints":{"allow":["GET"]}}],"collection":[{"href":"https:\/\/noticiasveracruz.com\/index.php\/wp-json\/wp\/v2\/posts"}],"about":[{"href":"https:\/\/noticiasveracruz.com\/index.php\/wp-json\/wp\/v2\/types\/post"}],"author":[{"embeddable":true,"href":"https:\/\/noticiasveracruz.com\/index.php\/wp-json\/wp\/v2\/users\/4"}],"replies":[{"embeddable":true,"href":"https:\/\/noticiasveracruz.com\/index.php\/wp-json\/wp\/v2\/comments?post=40388"}],"version-history":[{"count":0,"href":"https:\/\/noticiasveracruz.com\/index.php\/wp-json\/wp\/v2\/posts\/40388\/revisions"}],"wp:featuredmedia":[{"embeddable":true,"href":"https:\/\/noticiasveracruz.com\/index.php\/wp-json\/wp\/v2\/media\/40390"}],"wp:attachment":[{"href":"https:\/\/noticiasveracruz.com\/index.php\/wp-json\/wp\/v2\/media?parent=40388"}],"wp:term":[{"taxonomy":"category","embeddable":true,"href":"https:\/\/noticiasveracruz.com\/index.php\/wp-json\/wp\/v2\/categories?post=40388"},{"taxonomy":"post_tag","embeddable":true,"href":"https:\/\/noticiasveracruz.com\/index.php\/wp-json\/wp\/v2\/tags?post=40388"}],"curies":[{"name":"wp","href":"https:\/\/api.w.org\/{rel}","templated":true}]}}