{"id":40383,"date":"2024-09-19T00:21:00","date_gmt":"2024-09-19T05:21:00","guid":{"rendered":"https:\/\/noticiasveracruz.com\/?p=40383"},"modified":"2024-09-19T00:21:00","modified_gmt":"2024-09-19T05:21:00","slug":"gisele-pelicot-victima-de-violaciones-en-francia-humillada-por-acusacion-de-complicidad","status":"publish","type":"post","link":"https:\/\/noticiasveracruz.com\/index.php\/2024\/09\/19\/gisele-pelicot-victima-de-violaciones-en-francia-humillada-por-acusacion-de-complicidad\/","title":{"rendered":"Gis\u00e8le Pelicot, v\u00edctima de violaciones en Francia, \u00abhumillada\u00bb por acusaci\u00f3n de complicidad"},"content":{"rendered":"<div>\n<div id=\"content-body-225-12573521\">\n<p><span style=\"font-size: 14pt;\">Gis\u00e8le Pelicot, a quien\u00a0su marido drog\u00f3 durante 10 a\u00f1os\u00a0para que la violaran\u00a0decenas de hombres contactados por internet en Francia,\u00a0denunci\u00f3\u00a0este mi\u00e9rcoles las\u00a0acusaciones\u00a0de algunos abogados defensores del caso que\u00a0se\u00f1alan su posible complicidad en las agresiones.<\/span><\/p>\n<p><span style=\"font-size: 14pt;\">El juicio, que comenz\u00f3 el 2 de septiembre en Avi\u00f1\u00f3n contra el exmarido de Gis\u00e8le Pelicot, conmocion\u00f3 a Francia y su decisi\u00f3n de que el proceso fuera p\u00fablico convirti\u00f3 a la mujer en un\u00a0s\u00edmbolo de la lucha contra la violencia sexual.<\/span><\/p>\n<\/div>\n<\/div>\n<div>\n<div id=\"dfp-nota-1x3s\" data-google-query-id=\"CJKOh-GbzogDFYTu9QId6Tgd2g\">\n<div id=\"google_ads_iframe_\/2000002\/la-prensa\/mexico_nota_1x3_0__container__\">\n<div id=\"inArticle_1\">\n<div>\n<div>\n<div>\n<div><span style=\"font-size: 14pt;\">\u00abDesde que llegu\u00e9 a esta sala de audiencia, me siento humillada. Me tacharon de alcoh\u00f3lica, afirmaron que estaba en tal estado de ebriedad que soy c\u00f3mplice\u00bb de\u00a0Dominique Pelicot, su exmarido y principal acusado en el proceso, afirm\u00f3 la mujer ante el tribunal.<\/span><\/div>\n<\/div>\n<\/div>\n<\/div>\n<\/div>\n<\/div>\n<\/div>\n<\/div>\n<article>\n<div id=\"content-body-5851641-12573521\">\n<p><span style=\"font-size: 14pt;\">Dominique Pelicot\u00a0testific\u00f3 el martes ante el tribunal y reconoci\u00f3 su responsabilidad y dijo que su exmujer \u00abno merec\u00eda\u00bb el calvario que sufri\u00f3.<\/span><\/p>\n<p><span style=\"font-size: 14pt;\">\u00abSoy un violador, como todos los que est\u00e1n en esta sala. Lo sab\u00edan todos, no pueden decir lo contrario\u00bb, afirm\u00f3 Pelicot, refiri\u00e9ndose a que los\u00a050 coacusados sab\u00edan que su mujer estaba drogada\u00a0con fuertes ansiol\u00edticos.<\/span><\/p>\n<p><span style=\"font-size: 14pt;\">Algunos\u00a0acusados\u00a0defienden\u00a0que desconoc\u00edan que Pelicot administraba medicamentos para dormir a su mujer\u00a0y afirman que pensaban que se trataba de una pareja libertina.<\/span><\/p>\n<p><span style=\"font-size: 14pt;\">\u00abEstaba en coma y los v\u00eddeos que se mostrar\u00e1n dar\u00e1n fe de ello. Y los peritos se escandalizaron con estos v\u00eddeos, y son hombres\u00bb, dijo la mujer.<\/span><\/p>\n<p><span style=\"font-size: 14pt;\">\u00abNi por un segundo di mi consentimiento al se\u00f1or Pelicot ni a estos hombres\u00bb, reiter\u00f3 la mujer que estuvo casada durante 50 a\u00f1os con el principal acusado y que recientemente logr\u00f3 el divorcio.<\/span><\/p>\n<\/div>\n<\/article>\n","protected":false},"excerpt":{"rendered":"<p>Gis\u00e8le Pelicot, a quien\u00a0su marido drog\u00f3 durante 10 a\u00f1os\u00a0para que la violaran\u00a0decenas de hombres contactados por internet en Francia,\u00a0denunci\u00f3\u00a0este mi\u00e9rcoles<\/p>\n","protected":false},"author":4,"featured_media":40384,"comment_status":"closed","ping_status":"closed","sticky":false,"template":"","format":"standard","meta":{"colormag_page_container_layout":"default_layout","colormag_page_sidebar_layout":"default_layout","_jetpack_memberships_contains_paid_content":false,"footnotes":"","jetpack_publicize_message":"","jetpack_publicize_feature_enabled":true,"jetpack_social_post_already_shared":true,"jetpack_social_options":{"image_generator_settings":{"template":"highway","default_image_id":0,"font":"","enabled":false},"version":2}},"categories":[355],"tags":[],"class_list":["post-40383","post","type-post","status-publish","format-standard","has-post-thumbnail","hentry","category-internacional"],"jetpack_publicize_connections":[],"jetpack_featured_media_url":"https:\/\/noticiasveracruz.com\/wp-content\/uploads\/2024\/09\/Gisele-Pelicot.png","jetpack_sharing_enabled":true,"publishpress_future_action":{"enabled":false,"date":"2026-05-10 05:12:13","action":"change-status","newStatus":"draft","terms":[],"taxonomy":"category","extraData":[]},"publishpress_future_workflow_manual_trigger":{"enabledWorkflows":[]},"_links":{"self":[{"href":"https:\/\/noticiasveracruz.com\/index.php\/wp-json\/wp\/v2\/posts\/40383","targetHints":{"allow":["GET"]}}],"collection":[{"href":"https:\/\/noticiasveracruz.com\/index.php\/wp-json\/wp\/v2\/posts"}],"about":[{"href":"https:\/\/noticiasveracruz.com\/index.php\/wp-json\/wp\/v2\/types\/post"}],"author":[{"embeddable":true,"href":"https:\/\/noticiasveracruz.com\/index.php\/wp-json\/wp\/v2\/users\/4"}],"replies":[{"embeddable":true,"href":"https:\/\/noticiasveracruz.com\/index.php\/wp-json\/wp\/v2\/comments?post=40383"}],"version-history":[{"count":0,"href":"https:\/\/noticiasveracruz.com\/index.php\/wp-json\/wp\/v2\/posts\/40383\/revisions"}],"wp:featuredmedia":[{"embeddable":true,"href":"https:\/\/noticiasveracruz.com\/index.php\/wp-json\/wp\/v2\/media\/40384"}],"wp:attachment":[{"href":"https:\/\/noticiasveracruz.com\/index.php\/wp-json\/wp\/v2\/media?parent=40383"}],"wp:term":[{"taxonomy":"category","embeddable":true,"href":"https:\/\/noticiasveracruz.com\/index.php\/wp-json\/wp\/v2\/categories?post=40383"},{"taxonomy":"post_tag","embeddable":true,"href":"https:\/\/noticiasveracruz.com\/index.php\/wp-json\/wp\/v2\/tags?post=40383"}],"curies":[{"name":"wp","href":"https:\/\/api.w.org\/{rel}","templated":true}]}}