{"id":40377,"date":"2024-09-19T00:16:31","date_gmt":"2024-09-19T05:16:31","guid":{"rendered":"https:\/\/noticiasveracruz.com\/?p=40377"},"modified":"2024-09-19T00:16:31","modified_gmt":"2024-09-19T05:16:31","slug":"gobierno-de-colombia-suspende-dialogo-de-paz-con-la-guerrilla-del-eln","status":"publish","type":"post","link":"https:\/\/noticiasveracruz.com\/index.php\/2024\/09\/19\/gobierno-de-colombia-suspende-dialogo-de-paz-con-la-guerrilla-del-eln\/","title":{"rendered":"Gobierno de Colombia suspende di\u00e1logo de paz con la guerrilla del ELN"},"content":{"rendered":"<p><span style=\"font-size: 14pt;\">El\u00a0Gobierno de Colombia suspendi\u00f3\u00a0el mi\u00e9rcoles el\u00a0di\u00e1logo de paz\u00a0con el\u00a0Ej\u00e9rcito de Liberaci\u00f3n Nacional\u00a0(ELN), un d\u00eda\u00a0despu\u00e9s\u00a0de que un\u00a0ataque con explosivos\u00a0de ese grupo\u00a0mat\u00f3 a dos militares y dej\u00f3 a 26 heridos,\u00a0anunci\u00f3 una delegaci\u00f3n gubernamental.<\/span><\/p>\n<p><span style=\"font-size: 14pt;\">La\u00a0decisi\u00f3n\u00a0pone\u00a0fin\u00a0por ahora a la principal\u00a0apuesta\u00a0del presidente Gustavo\u00a0Petro por la paz\u00a0y al mayor esfuerzo del mandatario para terminar un conflicto interno de seis d\u00e9cadas que ha dejado m\u00e1s de 450 mil muertos, lo que\u00a0provocar\u00e1 una intensificaci\u00f3n de las hostilidades, seg\u00fan analistas.<\/span><\/p>\n","protected":false},"excerpt":{"rendered":"<p>El\u00a0Gobierno de Colombia suspendi\u00f3\u00a0el mi\u00e9rcoles el\u00a0di\u00e1logo de paz\u00a0con el\u00a0Ej\u00e9rcito de Liberaci\u00f3n Nacional\u00a0(ELN), un d\u00eda\u00a0despu\u00e9s\u00a0de que un\u00a0ataque con explosivos\u00a0de ese grupo\u00a0mat\u00f3<\/p>\n","protected":false},"author":4,"featured_media":40378,"comment_status":"closed","ping_status":"closed","sticky":false,"template":"","format":"standard","meta":{"colormag_page_container_layout":"default_layout","colormag_page_sidebar_layout":"default_layout","_jetpack_memberships_contains_paid_content":false,"footnotes":"","jetpack_publicize_message":"","jetpack_publicize_feature_enabled":true,"jetpack_social_post_already_shared":true,"jetpack_social_options":{"image_generator_settings":{"template":"highway","default_image_id":0,"font":"","enabled":false},"version":2}},"categories":[355],"tags":[],"class_list":["post-40377","post","type-post","status-publish","format-standard","has-post-thumbnail","hentry","category-internacional"],"jetpack_publicize_connections":[],"jetpack_featured_media_url":"https:\/\/noticiasveracruz.com\/wp-content\/uploads\/2024\/09\/Colombia.jpg","jetpack_sharing_enabled":true,"publishpress_future_action":{"enabled":false,"date":"2026-05-10 07:12:44","action":"change-status","newStatus":"draft","terms":[],"taxonomy":"category","extraData":[]},"publishpress_future_workflow_manual_trigger":{"enabledWorkflows":[]},"_links":{"self":[{"href":"https:\/\/noticiasveracruz.com\/index.php\/wp-json\/wp\/v2\/posts\/40377","targetHints":{"allow":["GET"]}}],"collection":[{"href":"https:\/\/noticiasveracruz.com\/index.php\/wp-json\/wp\/v2\/posts"}],"about":[{"href":"https:\/\/noticiasveracruz.com\/index.php\/wp-json\/wp\/v2\/types\/post"}],"author":[{"embeddable":true,"href":"https:\/\/noticiasveracruz.com\/index.php\/wp-json\/wp\/v2\/users\/4"}],"replies":[{"embeddable":true,"href":"https:\/\/noticiasveracruz.com\/index.php\/wp-json\/wp\/v2\/comments?post=40377"}],"version-history":[{"count":0,"href":"https:\/\/noticiasveracruz.com\/index.php\/wp-json\/wp\/v2\/posts\/40377\/revisions"}],"wp:featuredmedia":[{"embeddable":true,"href":"https:\/\/noticiasveracruz.com\/index.php\/wp-json\/wp\/v2\/media\/40378"}],"wp:attachment":[{"href":"https:\/\/noticiasveracruz.com\/index.php\/wp-json\/wp\/v2\/media?parent=40377"}],"wp:term":[{"taxonomy":"category","embeddable":true,"href":"https:\/\/noticiasveracruz.com\/index.php\/wp-json\/wp\/v2\/categories?post=40377"},{"taxonomy":"post_tag","embeddable":true,"href":"https:\/\/noticiasveracruz.com\/index.php\/wp-json\/wp\/v2\/tags?post=40377"}],"curies":[{"name":"wp","href":"https:\/\/api.w.org\/{rel}","templated":true}]}}