{"id":39709,"date":"2024-09-10T08:13:36","date_gmt":"2024-09-10T13:13:36","guid":{"rendered":"https:\/\/noticiasveracruz.com\/?p=39709"},"modified":"2024-09-10T08:13:36","modified_gmt":"2024-09-10T13:13:36","slug":"morena-aprueba-congreso-nacional-el-22-de-septiembre-para-elegir-dirigencia","status":"publish","type":"post","link":"https:\/\/noticiasveracruz.com\/index.php\/2024\/09\/10\/morena-aprueba-congreso-nacional-el-22-de-septiembre-para-elegir-dirigencia\/","title":{"rendered":"Morena aprueba Congreso Nacional el 22 de septiembre para elegir dirigencia"},"content":{"rendered":"<div>\n<div id=\"content-body-225-12531099\">\n<p><span style=\"font-size: 14pt;\">El presidente nacional de Morena,\u00a0Mario Delgado, inform\u00f3 que el\u00a0Consejo Nacional\u00a0del partido aprob\u00f3 y emiti\u00f3 este domingo la convocatoria para llevar a cabo un\u00a0Congreso Nacional\u00a0el pr\u00f3ximo domingo 22 de septiembre, donde se elija la pr\u00f3xima dirigencia nacional.<\/span><\/p>\n<p><span style=\"font-size: 14pt;\">En entrevista con medios de comunicaci\u00f3n, el\u00a0l\u00edder morenista\u00a0a\u00f1adi\u00f3 que el\u00a0Congreso Nacional\u00a0es la m\u00e1xima autoridad del partido, por lo que ser\u00e1n sus integrantes quienes elegir\u00e1n a la o el nuevo dirigente para el periodo del 1 de octubre de 2024 al 1 de octubre de 2027.<\/span><\/p>\n<\/div>\n<\/div>\n<div>\n<div id=\"dfp-nota-1x1s\" data-google-query-id=\"CLfer-LGt4gDFWGFpgQddHIoag\">\n<div id=\"google_ads_iframe_\/2000002\/la-prensa\/mexico_nota_1x1_0__container__\"><span style=\"font-size: 14pt;\">Dijo que \u201cellos (los congresistas) representan a toda la militancia. Son tres mil congresistas que fueron electos de manera libre y democr\u00e1tica en 2022, cuando pusimos urnas en las plazas p\u00fablicas y los militantes fueron de manera libre y secreta a votar.<\/span><span style=\"font-size: 14pt;\">\u201cSon congresistas que tienen sus derechos vigentes y son los \u00fanicos, seg\u00fan los estatutos, quienes pueden elegir a la dirigencia\u201d, explic\u00f3.<\/span><\/p>\n<\/div>\n<\/div>\n<\/div>\n","protected":false},"excerpt":{"rendered":"<p>El presidente nacional de Morena,\u00a0Mario Delgado, inform\u00f3 que el\u00a0Consejo Nacional\u00a0del partido aprob\u00f3 y emiti\u00f3 este domingo la convocatoria para llevar<\/p>\n","protected":false},"author":4,"featured_media":39710,"comment_status":"closed","ping_status":"closed","sticky":false,"template":"","format":"standard","meta":{"colormag_page_container_layout":"default_layout","colormag_page_sidebar_layout":"default_layout","_jetpack_memberships_contains_paid_content":false,"footnotes":"","jetpack_publicize_message":"","jetpack_publicize_feature_enabled":true,"jetpack_social_post_already_shared":true,"jetpack_social_options":{"image_generator_settings":{"template":"highway","default_image_id":0,"font":"","enabled":false},"version":2}},"categories":[4],"tags":[],"class_list":["post-39709","post","type-post","status-publish","format-standard","has-post-thumbnail","hentry","category-nacional"],"jetpack_publicize_connections":[],"jetpack_featured_media_url":"https:\/\/noticiasveracruz.com\/wp-content\/uploads\/2024\/09\/Mario-Delgado.jpg","jetpack_sharing_enabled":true,"publishpress_future_action":{"enabled":false,"date":"2026-05-02 02:43:02","action":"change-status","newStatus":"draft","terms":[],"taxonomy":"category","extraData":[]},"publishpress_future_workflow_manual_trigger":{"enabledWorkflows":[]},"_links":{"self":[{"href":"https:\/\/noticiasveracruz.com\/index.php\/wp-json\/wp\/v2\/posts\/39709","targetHints":{"allow":["GET"]}}],"collection":[{"href":"https:\/\/noticiasveracruz.com\/index.php\/wp-json\/wp\/v2\/posts"}],"about":[{"href":"https:\/\/noticiasveracruz.com\/index.php\/wp-json\/wp\/v2\/types\/post"}],"author":[{"embeddable":true,"href":"https:\/\/noticiasveracruz.com\/index.php\/wp-json\/wp\/v2\/users\/4"}],"replies":[{"embeddable":true,"href":"https:\/\/noticiasveracruz.com\/index.php\/wp-json\/wp\/v2\/comments?post=39709"}],"version-history":[{"count":0,"href":"https:\/\/noticiasveracruz.com\/index.php\/wp-json\/wp\/v2\/posts\/39709\/revisions"}],"wp:featuredmedia":[{"embeddable":true,"href":"https:\/\/noticiasveracruz.com\/index.php\/wp-json\/wp\/v2\/media\/39710"}],"wp:attachment":[{"href":"https:\/\/noticiasveracruz.com\/index.php\/wp-json\/wp\/v2\/media?parent=39709"}],"wp:term":[{"taxonomy":"category","embeddable":true,"href":"https:\/\/noticiasveracruz.com\/index.php\/wp-json\/wp\/v2\/categories?post=39709"},{"taxonomy":"post_tag","embeddable":true,"href":"https:\/\/noticiasveracruz.com\/index.php\/wp-json\/wp\/v2\/tags?post=39709"}],"curies":[{"name":"wp","href":"https:\/\/api.w.org\/{rel}","templated":true}]}}