{"id":39705,"date":"2024-09-10T08:12:55","date_gmt":"2024-09-10T13:12:55","guid":{"rendered":"https:\/\/noticiasveracruz.com\/?p=39705"},"modified":"2024-09-10T08:12:55","modified_gmt":"2024-09-10T13:12:55","slug":"rechazan-colectivos-de-derechos-humanos-la-compra-de-monterra-energy-por-pemex","status":"publish","type":"post","link":"https:\/\/noticiasveracruz.com\/index.php\/2024\/09\/10\/rechazan-colectivos-de-derechos-humanos-la-compra-de-monterra-energy-por-pemex\/","title":{"rendered":"Rechazan colectivos de derechos humanos la compra de Monterra Energy por Pemex"},"content":{"rendered":"<div>\n<div id=\"content-body-225-12532895\">\n<p><span style=\"font-size: 14pt;\">Diferentes colectivos de derechos humanos externaron su preocupaci\u00f3n ante la reciente decisi\u00f3n de\u00a0Petr\u00f3leos Mexicanos (Pemex) de adquirir la terminal de almacenamiento de Monterra Energy en Tuxpan, Veracruz,\u00a0lo que significar\u00eda un reto considerable para el pr\u00f3ximo gobierno que encabezar\u00e1 la presidenta electa Claudia Sheinbaum.<\/span><\/p>\n<p><span style=\"font-size: 14pt;\">Entre los colectivos denunciantes se encuentran Justicia Transversal Mexicana (JTM), quien advierte que dicha instalaci\u00f3n se encuentra en estado \u201cinoperable\u201d y cuya reactivaci\u00f3n ser\u00e1 un grave riesgo para el medio ambiente, afectando particularmente el acceso al agua potable.<\/span><\/p>\n<\/div>\n<\/div>\n<article>\n<div id=\"content-body-5851641-12532895\">\n<p><span style=\"font-size: 14pt;\">Adem\u00e1s, \u201cm\u00e1s all\u00e1 de una simple transacci\u00f3n financiera para el gobierno federal, ser\u00e1 una fuente de preocupaci\u00f3n debido a las posibles implicaciones pol\u00edticas y financieras que acompa\u00f1an la compra de un activo con un historial turbio. Para la nueva administraci\u00f3n, esta adquisici\u00f3n podr\u00eda transformarse en una bomba de tiempo, capaz de desencadenar una crisis que pondr\u00eda a prueba la estabilidad y credibilidad del gobierno entrante\u201d, dijo el abogado de JTM, Mauricio Santiago Eder.<\/span><\/p>\n<p><span style=\"font-size: 14pt;\">Agreg\u00f3 que para Petr\u00f3leos Mexicanos (Pemex), en especial para el pr\u00f3ximo titular, V\u00edctor Rodr\u00edguez Padilla, esta acci\u00f3n ser\u00e1 vista como un descomunal despilfarro de recursos p\u00fablicos al comprar esta terminal.\u00a0\u201cEstamos hablando de una p\u00e9rdida de millones de d\u00f3lares en una estructura petrolera que no est\u00e1 operativa\u201d,\u00a0denunci\u00f3 el colectivo.<\/span><\/p>\n<p><span style=\"font-size: 14pt;\">Santiago Eder record\u00f3 que la terminal fue clausurada en 2021 debido a sus graves fallos estructurales. \u201cLa Terminal Internacional de Fluidos de Tuxpan (TIFT), iniciada en 2018 como parte de la reforma energ\u00e9tica de 2013, fue concebida para almacenar combustibles importados, pero su administraci\u00f3n, a cargo de Servicios y Terminales de Tuxpan, result\u00f3 un fracaso, afectando tanto las finanzas nacionales como el entorno ambiental\u201d, se\u00f1al\u00f3 a trav\u00e9s de un comunicado de prensa.<\/span><\/p>\n<p><span style=\"font-size: 14pt;\">El experto en leyes acus\u00f3 que, adem\u00e1s, entre\u00a02018 y 2019, hubo cambios en los apoderados de la empresa que generan sospechas de posibles conflictos de inter\u00e9s, especialmente considerando los v\u00ednculos pol\u00edticos involucrados.<\/span><\/p>\n<\/div>\n<\/article>\n","protected":false},"excerpt":{"rendered":"<p>Diferentes colectivos de derechos humanos externaron su preocupaci\u00f3n ante la reciente decisi\u00f3n de\u00a0Petr\u00f3leos Mexicanos (Pemex) de adquirir la terminal de<\/p>\n","protected":false},"author":4,"featured_media":39706,"comment_status":"closed","ping_status":"closed","sticky":false,"template":"","format":"standard","meta":{"colormag_page_container_layout":"default_layout","colormag_page_sidebar_layout":"default_layout","_jetpack_memberships_contains_paid_content":false,"footnotes":"","jetpack_publicize_message":"","jetpack_publicize_feature_enabled":true,"jetpack_social_post_already_shared":true,"jetpack_social_options":{"image_generator_settings":{"template":"highway","default_image_id":0,"font":"","enabled":false},"version":2}},"categories":[4],"tags":[],"class_list":["post-39705","post","type-post","status-publish","format-standard","has-post-thumbnail","hentry","category-nacional"],"jetpack_publicize_connections":[],"jetpack_featured_media_url":"https:\/\/noticiasveracruz.com\/wp-content\/uploads\/2024\/09\/Tecnicos-petroleros-anuncian-mitin-en-Torre-de-Pemex-por-violacion-a-derechos-laborales-PORTADA.jpg","jetpack_sharing_enabled":true,"publishpress_future_action":{"enabled":false,"date":"2026-05-02 03:56:32","action":"change-status","newStatus":"draft","terms":[],"taxonomy":"category","extraData":[]},"publishpress_future_workflow_manual_trigger":{"enabledWorkflows":[]},"_links":{"self":[{"href":"https:\/\/noticiasveracruz.com\/index.php\/wp-json\/wp\/v2\/posts\/39705","targetHints":{"allow":["GET"]}}],"collection":[{"href":"https:\/\/noticiasveracruz.com\/index.php\/wp-json\/wp\/v2\/posts"}],"about":[{"href":"https:\/\/noticiasveracruz.com\/index.php\/wp-json\/wp\/v2\/types\/post"}],"author":[{"embeddable":true,"href":"https:\/\/noticiasveracruz.com\/index.php\/wp-json\/wp\/v2\/users\/4"}],"replies":[{"embeddable":true,"href":"https:\/\/noticiasveracruz.com\/index.php\/wp-json\/wp\/v2\/comments?post=39705"}],"version-history":[{"count":0,"href":"https:\/\/noticiasveracruz.com\/index.php\/wp-json\/wp\/v2\/posts\/39705\/revisions"}],"wp:featuredmedia":[{"embeddable":true,"href":"https:\/\/noticiasveracruz.com\/index.php\/wp-json\/wp\/v2\/media\/39706"}],"wp:attachment":[{"href":"https:\/\/noticiasveracruz.com\/index.php\/wp-json\/wp\/v2\/media?parent=39705"}],"wp:term":[{"taxonomy":"category","embeddable":true,"href":"https:\/\/noticiasveracruz.com\/index.php\/wp-json\/wp\/v2\/categories?post=39705"},{"taxonomy":"post_tag","embeddable":true,"href":"https:\/\/noticiasveracruz.com\/index.php\/wp-json\/wp\/v2\/tags?post=39705"}],"curies":[{"name":"wp","href":"https:\/\/api.w.org\/{rel}","templated":true}]}}