{"id":3969,"date":"2022-05-05T17:03:35","date_gmt":"2022-05-05T22:03:35","guid":{"rendered":"https:\/\/noticiasveracruz.com\/?p=3969"},"modified":"2022-05-05T17:04:22","modified_gmt":"2022-05-05T22:04:22","slug":"mara-lezama-resalta-papel-de-mujeres","status":"publish","type":"post","link":"https:\/\/noticiasveracruz.com\/index.php\/2022\/05\/05\/mara-lezama-resalta-papel-de-mujeres\/","title":{"rendered":"Mara Lezama resalta papel de las mujeres en la econom\u00eda"},"content":{"rendered":"<p class=\"p1\"><span style=\"font-size: 14pt;\"><em><strong>Canc\u00fan.<\/strong> <\/em>Durante su reuni\u00f3n con integrantes de la <strong>Asociaci\u00f3n Femenil de Ejecutivas de Empresas Tur\u00edsticas<\/strong> (AFEET), <strong>Mara Lezama<\/strong>, candidato de Morena a la gubernatura resalt\u00f3 el<strong> rol trascendente de las mujeres de Quintana Roo para reconocerlas como fundamentales en la econom\u00eda.<\/strong><\/span><\/p>\n<p class=\"p1\"><span style=\"font-size: 14pt;\">La candidata a gobernadora, Lezama coment\u00f3 que la Organizaci\u00f3n Mundial del Turismo, el 54 por ciento de las personas que trabajan en este sector son mujeres y de ah\u00ed su importancia en esta noble tarea.<\/span><\/p>\n<p>&nbsp;<\/p>\n<p><img loading=\"lazy\" decoding=\"async\" class=\"aligncenter wp-image-4835 size-large\" src=\"https:\/\/politicosaldesnudo.com.mx\/wp-content\/uploads\/2022\/05\/FR7fE6JXoAQxBr2-1024x439.jpeg\" alt=\"\" width=\"800\" height=\"343\" \/><\/p>\n<p>&nbsp;<\/p>\n<p class=\"p1\"><strong><span style=\"font-size: 14pt;\">Sin embargo, las mujeres ganan el 14.7% menos que los hombres, pero se deben dar pasos m\u00e1s adelante grandes para evitar que tomen decisiones a sus espaldas.<\/span><\/strong><\/p>\n<blockquote>\n<p class=\"p1\"><span style=\"font-size: 14pt;\">Lleg\u00f3 el momento de ser valoradas por nuestra capacidad y que s\u00f3lo as\u00ed es posible consolidar la Cuarta Transformaci\u00f3n\u201d, dijo Mara Lezama.<\/span><\/p>\n<\/blockquote>\n<p class=\"p1\"><span style=\"font-size: 14pt;\">Coment\u00f3 que su gobierno apoyar\u00e1 al <strong>Consejo de Promoci\u00f3n Tur\u00edstica de Quintana Roo para promover de manera directa a los destinos tur\u00edsticos<\/strong> del estado quintanarroense.<\/span><\/p>\n<p>&nbsp;<\/p>\n<p><img loading=\"lazy\" decoding=\"async\" class=\"aligncenter wp-image-4837 size-large\" src=\"https:\/\/politicosaldesnudo.com.mx\/wp-content\/uploads\/2022\/05\/P-MARA2-1024x573.png\" alt=\"\" width=\"800\" height=\"448\" \/><\/p>\n<p>&nbsp;<\/p>\n<p>&nbsp;<\/p>\n<p>&nbsp;<\/p>\n<p>&nbsp;<\/p>\n","protected":false},"excerpt":{"rendered":"<p>Canc\u00fan. Durante su reuni\u00f3n con integrantes de la Asociaci\u00f3n Femenil de Ejecutivas de Empresas Tur\u00edsticas (AFEET), Mara Lezama, candidato de<\/p>\n","protected":false},"author":4,"featured_media":3970,"comment_status":"closed","ping_status":"closed","sticky":false,"template":"","format":"standard","meta":{"colormag_page_container_layout":"default_layout","colormag_page_sidebar_layout":"default_layout","_jetpack_memberships_contains_paid_content":false,"footnotes":"","jetpack_publicize_message":"","jetpack_publicize_feature_enabled":true,"jetpack_social_post_already_shared":false,"jetpack_social_options":{"image_generator_settings":{"template":"highway","default_image_id":0,"font":"","enabled":false},"version":2}},"categories":[145],"tags":[490,141,489],"class_list":["post-3969","post","type-post","status-publish","format-standard","has-post-thumbnail","hentry","category-estados","tag-mara-lezama","tag-mujeres","tag-quintana-roo"],"jetpack_publicize_connections":[],"jetpack_featured_media_url":"https:\/\/noticiasveracruz.com\/wp-content\/uploads\/2022\/05\/P-MARA1.png","jetpack_sharing_enabled":true,"publishpress_future_action":{"enabled":false,"date":"2026-05-07 06:59:17","action":"change-status","newStatus":"draft","terms":[],"taxonomy":"category","extraData":[]},"publishpress_future_workflow_manual_trigger":{"enabledWorkflows":[]},"_links":{"self":[{"href":"https:\/\/noticiasveracruz.com\/index.php\/wp-json\/wp\/v2\/posts\/3969","targetHints":{"allow":["GET"]}}],"collection":[{"href":"https:\/\/noticiasveracruz.com\/index.php\/wp-json\/wp\/v2\/posts"}],"about":[{"href":"https:\/\/noticiasveracruz.com\/index.php\/wp-json\/wp\/v2\/types\/post"}],"author":[{"embeddable":true,"href":"https:\/\/noticiasveracruz.com\/index.php\/wp-json\/wp\/v2\/users\/4"}],"replies":[{"embeddable":true,"href":"https:\/\/noticiasveracruz.com\/index.php\/wp-json\/wp\/v2\/comments?post=3969"}],"version-history":[{"count":0,"href":"https:\/\/noticiasveracruz.com\/index.php\/wp-json\/wp\/v2\/posts\/3969\/revisions"}],"wp:featuredmedia":[{"embeddable":true,"href":"https:\/\/noticiasveracruz.com\/index.php\/wp-json\/wp\/v2\/media\/3970"}],"wp:attachment":[{"href":"https:\/\/noticiasveracruz.com\/index.php\/wp-json\/wp\/v2\/media?parent=3969"}],"wp:term":[{"taxonomy":"category","embeddable":true,"href":"https:\/\/noticiasveracruz.com\/index.php\/wp-json\/wp\/v2\/categories?post=3969"},{"taxonomy":"post_tag","embeddable":true,"href":"https:\/\/noticiasveracruz.com\/index.php\/wp-json\/wp\/v2\/tags?post=3969"}],"curies":[{"name":"wp","href":"https:\/\/api.w.org\/{rel}","templated":true}]}}