{"id":3963,"date":"2022-05-05T15:11:18","date_gmt":"2022-05-05T20:11:18","guid":{"rendered":"https:\/\/noticiasveracruz.com\/?p=3963"},"modified":"2022-05-05T15:11:18","modified_gmt":"2022-05-05T20:11:18","slug":"presidente-conmemora-el-160-aniversario-de-la-batalla-de-puebla","status":"publish","type":"post","link":"https:\/\/noticiasveracruz.com\/index.php\/2022\/05\/05\/presidente-conmemora-el-160-aniversario-de-la-batalla-de-puebla\/","title":{"rendered":"Presidente conmemora el 160 Aniversario de la Batalla de Puebla"},"content":{"rendered":"<p class=\"p1\"><span style=\"font-size: 14pt;\"><em><strong>Puebla.<\/strong> <\/em>Tras dos a\u00f1os de suspenderse el acto de conmemoraci\u00f3n, el <strong>presidente\u00a0de la Rep\u00fablica Andr\u00e9s Manuel L\u00f3pez Obrador\u00a0encabez\u00f3 el desfile<\/strong>, as\u00ed como la <strong>ceremonia del 160 aniversario Batalla de Puebla.<\/strong><\/span><\/p>\n<p class=\"p1\"><span style=\"font-size: 14pt;\">Acompa\u00f1ado por el gobernador de Puebla,\u00a0Miguel Barbosa, as\u00ed como los secretarios de la Defensa,\u00a0Luis Cresencio Sandoval, y de Marina,\u00a0Rafael Ojeda Dur\u00e1n, y otros funcionarios de su gabinete,<strong> el mandatario se encuentra en dicha entidad para luego tomar un vuelo que lo lleve a Guatemala, donde<\/strong> <strong>iniciar\u00e1 su\u00a0gira de cuatro d\u00edas por Centroam\u00e9rica y Cuba<\/strong>.<\/span><\/p>\n<p>&nbsp;<\/p>\n<p><img loading=\"lazy\" decoding=\"async\" class=\"aligncenter wp-image-4823 size-large\" src=\"https:\/\/politicosaldesnudo.com.mx\/wp-content\/uploads\/2022\/05\/P-3MAYO3-1024x573.png\" alt=\"\" width=\"800\" height=\"448\" \/><\/p>\n<p>&nbsp;<\/p>\n<p class=\"p1\"><span style=\"font-size: 14pt;\">Durante su discurso en el Mausoleo del General Ignacio Zaragoza en ese estado, el <strong>mandatario record\u00f3 la defensa del pa\u00eds ante la invasi\u00f3n del ej\u00e9rcito franc\u00e9s y reafirm\u00f3 que Benito Ju\u00e1rez Garc\u00eda fue \u201cel mejor presidente de M\u00e9xico\u201d.<\/strong><\/span><\/p>\n<blockquote>\n<p class=\"p1\"><span style=\"font-size: 14pt;\">Era perseverante; siempre mantuvo una inquebrantable fe en la causa que defend\u00eda: fue honesto, austero, sobrio, demostr\u00f3 con hechos ser un hombre de principios y, sobre todo, un patriota\u201d, enfatiz\u00f3.<\/span><\/p>\n<\/blockquote>\n<p>&nbsp;<\/p>\n<p><img loading=\"lazy\" decoding=\"async\" class=\"aligncenter wp-image-4825 size-large\" src=\"https:\/\/politicosaldesnudo.com.mx\/wp-content\/uploads\/2022\/05\/P-3MAYO5-1024x573.png\" alt=\"\" width=\"800\" height=\"448\" \/><\/p>\n<p>&nbsp;<\/p>\n<blockquote>\n<p class=\"p1\"><span style=\"font-size: 14pt;\">La salvaci\u00f3n de M\u00e9xico en este dif\u00edcil trance, debe atribuirse, m\u00e1s que a ninguna otra circunstancia, al ejemplar proceder del presidente Benito Ju\u00e1rez, quien adem\u00e1s de conducir el movimiento con eficacia pol\u00edtica supo mantener inalterables sus firmes principios de lealtad al pueblo y de amor a la patria. Su voluntad era indomable; la convicci\u00f3n absoluta de que estaba sirviendo al pa\u00eds lo hac\u00edan inmune a todos los ataques. Ignoraba el desaliento. Dec\u00edan sus adversarios que era \u201cgeneral mediocre en el campo de batalla, mal jinete, mal tirador\u201d. Sin embargo, le reconoc\u00edan \u201cel genio de la adivinaci\u00f3n. Pensaba en todo, lo preven\u00eda todo\u201d, apunt\u00f3.<\/span><\/p>\n<\/blockquote>\n<p>&nbsp;<\/p>\n<p><img loading=\"lazy\" decoding=\"async\" class=\"aligncenter wp-image-4822 size-large\" src=\"https:\/\/politicosaldesnudo.com.mx\/wp-content\/uploads\/2022\/05\/P-3MAYO2-1024x573.png\" alt=\"\" width=\"800\" height=\"448\" \/><\/p>\n<p>&nbsp;<\/p>\n<p>&nbsp;<\/p>\n<p class=\"p1\"><strong><span style=\"font-size: 18pt;\">SERVICIO MILITAR NACIONAL <\/span><\/strong><\/p>\n<p class=\"p1\"><span style=\"font-size: 14pt;\">En la conmemoraci\u00f3n, el jefe del Ejecutivo realiz\u00f3 la<strong> toma de protesta de bandera a j\u00f3venes del Servicio Militar Nacional, clase 2003 anticipados, remisos y mujeres voluntarias.<\/strong><\/span><\/p>\n<p class=\"p1\"><span style=\"font-size: 14pt;\"><strong>Despu\u00e9s, el presidente presidio el desfile c\u00edvico-militar por la Batalla de Puebla, en el que participaron de 15 mil personas<\/strong>.<\/span><\/p>\n<p>&nbsp;<\/p>\n<p><img loading=\"lazy\" decoding=\"async\" class=\"aligncenter wp-image-4824 size-large\" src=\"https:\/\/politicosaldesnudo.com.mx\/wp-content\/uploads\/2022\/05\/P-3MAYO4-1024x573.png\" alt=\"\" width=\"800\" height=\"448\" \/><\/p>\n<p>&nbsp;<\/p>\n<p>&nbsp;<\/p>\n<p>&nbsp;<\/p>\n<p>&nbsp;<\/p>\n<p>&nbsp;<\/p>\n","protected":false},"excerpt":{"rendered":"<p>Puebla. Tras dos a\u00f1os de suspenderse el acto de conmemoraci\u00f3n, el presidente\u00a0de la Rep\u00fablica Andr\u00e9s Manuel L\u00f3pez Obrador\u00a0encabez\u00f3 el desfile,<\/p>\n","protected":false},"author":4,"featured_media":3964,"comment_status":"closed","ping_status":"closed","sticky":false,"template":"","format":"standard","meta":{"colormag_page_container_layout":"default_layout","colormag_page_sidebar_layout":"default_layout","_jetpack_memberships_contains_paid_content":false,"footnotes":"","jetpack_publicize_message":"","jetpack_publicize_feature_enabled":true,"jetpack_social_post_already_shared":false,"jetpack_social_options":{"image_generator_settings":{"template":"highway","default_image_id":0,"font":"","enabled":false},"version":2}},"categories":[4],"tags":[595,65,594,76],"class_list":["post-3963","post","type-post","status-publish","format-standard","has-post-thumbnail","hentry","category-nacional","tag-5-mayo","tag-andres-manuel-lopez-obrador","tag-batalla-de-puebla","tag-puebla"],"jetpack_publicize_connections":[],"jetpack_featured_media_url":"https:\/\/noticiasveracruz.com\/wp-content\/uploads\/2022\/05\/P-3MAYO1.png","jetpack_sharing_enabled":true,"publishpress_future_action":{"enabled":false,"date":"2026-05-07 17:55:39","action":"change-status","newStatus":"draft","terms":[],"taxonomy":"category","extraData":[]},"publishpress_future_workflow_manual_trigger":{"enabledWorkflows":[]},"_links":{"self":[{"href":"https:\/\/noticiasveracruz.com\/index.php\/wp-json\/wp\/v2\/posts\/3963","targetHints":{"allow":["GET"]}}],"collection":[{"href":"https:\/\/noticiasveracruz.com\/index.php\/wp-json\/wp\/v2\/posts"}],"about":[{"href":"https:\/\/noticiasveracruz.com\/index.php\/wp-json\/wp\/v2\/types\/post"}],"author":[{"embeddable":true,"href":"https:\/\/noticiasveracruz.com\/index.php\/wp-json\/wp\/v2\/users\/4"}],"replies":[{"embeddable":true,"href":"https:\/\/noticiasveracruz.com\/index.php\/wp-json\/wp\/v2\/comments?post=3963"}],"version-history":[{"count":0,"href":"https:\/\/noticiasveracruz.com\/index.php\/wp-json\/wp\/v2\/posts\/3963\/revisions"}],"wp:featuredmedia":[{"embeddable":true,"href":"https:\/\/noticiasveracruz.com\/index.php\/wp-json\/wp\/v2\/media\/3964"}],"wp:attachment":[{"href":"https:\/\/noticiasveracruz.com\/index.php\/wp-json\/wp\/v2\/media?parent=3963"}],"wp:term":[{"taxonomy":"category","embeddable":true,"href":"https:\/\/noticiasveracruz.com\/index.php\/wp-json\/wp\/v2\/categories?post=3963"},{"taxonomy":"post_tag","embeddable":true,"href":"https:\/\/noticiasveracruz.com\/index.php\/wp-json\/wp\/v2\/tags?post=3963"}],"curies":[{"name":"wp","href":"https:\/\/api.w.org\/{rel}","templated":true}]}}