{"id":3948,"date":"2022-05-05T07:02:11","date_gmt":"2022-05-05T12:02:11","guid":{"rendered":"https:\/\/noticiasveracruz.com\/?p=3948"},"modified":"2022-05-05T07:02:11","modified_gmt":"2022-05-05T12:02:11","slug":"narco-comparado-con-escobar-colombia-extradita-a-otoniel-a-eu","status":"publish","type":"post","link":"https:\/\/noticiasveracruz.com\/index.php\/2022\/05\/05\/narco-comparado-con-escobar-colombia-extradita-a-otoniel-a-eu\/","title":{"rendered":"Narco comparado con Escobar, Colombia extradita a Otoniel a EU"},"content":{"rendered":"<p class=\"p1\"><span style=\"font-size: 14pt;\"><em><strong>Bogot\u00e1.<\/strong> <\/em>El temido jefe de la banda <strong>Clan del Golfo, Dairo Antonio \u00dasuga David, alias Otoniel<\/strong>, fue <strong>extraditado a Estados Unidos<\/strong> para que responda por delitos de <strong>narcotr\u00e1fico<\/strong>, un proceso pol\u00e9mico que deja sin respuesta, al menos por ahora, muchas preguntas sobre cr\u00edmenes del conflicto armado colombiano.<\/span><\/p>\n<p class=\"p1\"><strong><span style=\"font-size: 14pt;\">Otoniel, esposado de manos y pies y portando un chaleco antibalas, fue entregadopor la Polic\u00eda colombiana a agentes de Estados Unidos y de la Interpol, que lo recibieron a bordo de un avi\u00f3n.<\/span><\/strong><\/p>\n<p class=\"p1\"><span style=\"font-size: 14pt;\">El presidente colombiano, Iv\u00e1n Duque, que compara a Otoniel con el narcotraficante Pablo Escobar, anunci\u00f3 la extradici\u00f3n desde la Casa Nari\u00f1o, la residencia presidencial.<\/span><\/p>\n<blockquote>\n<p class=\"p1\"><span style=\"font-size: 14pt;\">Colombianos, quiero informarles que ha sido extraditado Dairo Antonio \u00dasuga, alias Otoniel. Este delincuente es solamente comparable con Pablo Escobar, no solo se trata del narcotraficante m\u00e1s peligroso del mundo, sino de un asesino de l\u00edderes sociales, abusador de ni\u00f1os, ni\u00f1as y adolescentes, asesino de polic\u00edas y uno de los m\u00e1s peligrosos criminales del planeta\u00bb, manifest\u00f3 el presidente.<\/span><\/p>\n<\/blockquote>\n<p class=\"p1\"><span style=\"font-size: 14pt;\">Sin embargo, <strong>el presidente Duque dijo que la extradici\u00f3n no impedir\u00e1 que los cr\u00edmenes de \u00abeste delincuente\u00bb queden impunes en el pa\u00eds<\/strong>, pues \u00abdeber\u00e1 seguir colaborando con las autoridades colombianas que lo requieran en sus investigaciones y pesquisas\u201d.<\/span><\/p>\n<blockquote>\n<p class=\"p1\"><span style=\"font-size: 14pt;\">Este bandido fue extraditado para cumplir las penas de narcotr\u00e1fico en Estados Unidos, pero quiero dejar claridad que, una vez cumpla estas condenas, regresar\u00e1 a Colombia a pagar por los cr\u00edmenes que cometi\u00f3 en nuestro pa\u00eds\u00bb, asegur\u00f3 un euf\u00f3rico Duque.<\/span><\/p>\n<p>&nbsp;<\/p><\/blockquote>\n<p class=\"p1\"><strong><span style=\"font-size: 18pt;\">128 \u00d3RDENES DE CAPTURA<\/span><\/strong><\/p>\n<p class=\"p1\"><span style=\"font-size: 14pt;\">El jefe del Clan del Golfo, la mayor banda criminal de Colombia, fue capturado el pasado <strong>23 de octubre en una operaci\u00f3n policial y militar en la regi\u00f3n de Urab\u00e1, en el departamento de Antioquia<\/strong> y desde entonces permanec\u00eda en una celda de la Direcci\u00f3n de Investigaci\u00f3n Criminal e Interpol (Dijin) de la Polic\u00eda colombiana, en Bogot\u00e1.<\/span><\/p>\n<p class=\"p1\"><span style=\"font-size: 14pt;\">Al momento de su detenci\u00f3n, <strong>Otoniel, de 50 a\u00f1os de edad, ten\u00eda 128 \u00f3rdenes de captura en Colombia por delitos como narcotr\u00e1fico, extorsi\u00f3n, homicidio, tr\u00e1fico de armas y delitos de lesa humanidad, entre otros, as\u00ed como siete sentencias condenatorias.<\/strong><\/span><\/p>\n<p class=\"p1\"><span style=\"font-size: 14pt;\">Despu\u00e9s de su captura, el se\u00f1alado delincuente suministr\u00f3 m\u00e1s de 60 nombres de militares, pol\u00edticos, funcionarios y empresas que supuestamente tienen v\u00ednculos con los paramilitares. Por esa raz\u00f3n, se espera que tras cumplir su condena en Estados Unidos Otoniel aporte m\u00e1s informaci\u00f3n a la Justicia colombiana para esclareces cr\u00edmenes del conflicto armado.<\/span><\/p>\n<p>&nbsp;<\/p>\n<p>&nbsp;<\/p>\n","protected":false},"excerpt":{"rendered":"<p>Bogot\u00e1. El temido jefe de la banda Clan del Golfo, Dairo Antonio \u00dasuga David, alias Otoniel, fue extraditado a Estados<\/p>\n","protected":false},"author":4,"featured_media":3949,"comment_status":"closed","ping_status":"closed","sticky":false,"template":"","format":"standard","meta":{"colormag_page_container_layout":"default_layout","colormag_page_sidebar_layout":"default_layout","_jetpack_memberships_contains_paid_content":false,"footnotes":"","jetpack_publicize_message":"","jetpack_publicize_feature_enabled":true,"jetpack_social_post_already_shared":false,"jetpack_social_options":{"image_generator_settings":{"template":"highway","default_image_id":0,"font":"","enabled":false},"version":2}},"categories":[355],"tags":[269,588,415,587],"class_list":["post-3948","post","type-post","status-publish","format-standard","has-post-thumbnail","hentry","category-internacional","tag-colombia","tag-extradicion","tag-narcotrafico","tag-otoniel"],"jetpack_publicize_connections":[],"jetpack_featured_media_url":"https:\/\/noticiasveracruz.com\/wp-content\/uploads\/2022\/05\/P-OTONIEL.png","jetpack_sharing_enabled":true,"publishpress_future_action":{"enabled":false,"date":"2026-05-07 19:05:52","action":"change-status","newStatus":"draft","terms":[],"taxonomy":"category","extraData":[]},"publishpress_future_workflow_manual_trigger":{"enabledWorkflows":[]},"_links":{"self":[{"href":"https:\/\/noticiasveracruz.com\/index.php\/wp-json\/wp\/v2\/posts\/3948","targetHints":{"allow":["GET"]}}],"collection":[{"href":"https:\/\/noticiasveracruz.com\/index.php\/wp-json\/wp\/v2\/posts"}],"about":[{"href":"https:\/\/noticiasveracruz.com\/index.php\/wp-json\/wp\/v2\/types\/post"}],"author":[{"embeddable":true,"href":"https:\/\/noticiasveracruz.com\/index.php\/wp-json\/wp\/v2\/users\/4"}],"replies":[{"embeddable":true,"href":"https:\/\/noticiasveracruz.com\/index.php\/wp-json\/wp\/v2\/comments?post=3948"}],"version-history":[{"count":0,"href":"https:\/\/noticiasveracruz.com\/index.php\/wp-json\/wp\/v2\/posts\/3948\/revisions"}],"wp:featuredmedia":[{"embeddable":true,"href":"https:\/\/noticiasveracruz.com\/index.php\/wp-json\/wp\/v2\/media\/3949"}],"wp:attachment":[{"href":"https:\/\/noticiasveracruz.com\/index.php\/wp-json\/wp\/v2\/media?parent=3948"}],"wp:term":[{"taxonomy":"category","embeddable":true,"href":"https:\/\/noticiasveracruz.com\/index.php\/wp-json\/wp\/v2\/categories?post=3948"},{"taxonomy":"post_tag","embeddable":true,"href":"https:\/\/noticiasveracruz.com\/index.php\/wp-json\/wp\/v2\/tags?post=3948"}],"curies":[{"name":"wp","href":"https:\/\/api.w.org\/{rel}","templated":true}]}}