{"id":39258,"date":"2024-09-04T12:45:30","date_gmt":"2024-09-04T17:45:30","guid":{"rendered":"https:\/\/noticiasveracruz.com\/?p=39258"},"modified":"2024-09-04T08:07:42","modified_gmt":"2024-09-04T13:07:42","slug":"concierto-para-oboe-de-connesson-en-noche-francesa-osx","status":"publish","type":"post","link":"https:\/\/noticiasveracruz.com\/index.php\/2024\/09\/04\/concierto-para-oboe-de-connesson-en-noche-francesa-osx\/","title":{"rendered":"Concierto para oboe de Connesson en noche francesa OSX"},"content":{"rendered":"<ul>\n<li><span style=\"font-size: 14pt;\">Olivier Doise, concertista invitado<\/span><\/li>\n<li><span style=\"font-size: 14pt;\">Antoine Marguier, director invitado<\/span><\/li>\n<li><span style=\"font-size: 14pt;\">3er Encuentro Internacional de Oboes Xalapa 2024<\/span><\/li>\n<\/ul>\n<p><span style=\"font-size: 14pt;\">La Orquesta Sinf\u00f3nica de Xalapa inicia septiembre con una noche de m\u00fasica francesa, que tendr\u00e1 como protagonista al concertista Olivier Doise, del 3er Encuentro Internacional de Oboes Xalapa 2024; con el estreno nacional de: Concierto para oboe, \u201cLes belles heures\u201d de Guillaume Connesson. Adem\u00e1s, la Obertura n.\u00b0 1 de Louise Farrenc, y la Sinfon\u00eda en Do de Paul Dukas. Con la direcci\u00f3n de Antoine Marguier, director invitado.<\/span><\/p>\n<p><span style=\"font-size: 14pt;\">Este concierto se realizar\u00e1 el viernes 6 de septiembre las 20:00 hrs.<\/span><\/p>\n<p><span style=\"font-size: 14pt;\">Compuesta en 1834, la Obertura No. 1 en Mi menor de Louise Farrenc es una obra vibrante que destaca por su energ\u00eda y estructura cl\u00e1sica. Farrenc, una de las compositoras m\u00e1s notables del siglo XIX, presenta en esta obra un manejo magistral de la orquesta, mostrando una influencia clara de compositores como Beethoven y Mendelssohn.<\/span><\/p>\n<p><span style=\"font-size: 14pt;\">El Concierto para oboe \u2018Les belles heures\u2019, fue estrenada en 2022 por el obo\u00edsta Dwight Parry bajo la direcci\u00f3n de Louis Langr\u00e9e con la Cincinnati Symphony Orchestra. Es una obra que celebra la belleza de la vida a trav\u00e9s de una escritura vibrante y colorida para el oboe, que recuerda la influencia impresionista del compositor. Este concierto es un tributo a las \u201cbellas horas\u201d, aquellos momentos de plenitud y serenidad que todos experimentamos. Connesson, conocido por su lenguaje musical accesible y a la vez sofisticado, crea un di\u00e1logo constante entre el solista y la orquesta, lleno de contrastes y texturas.<\/span><\/p>\n<p><span style=\"font-size: 14pt;\">La Sinfon\u00eda en Do de Paul Dukas, fue compuesta en 1896. Es una obra que destaca por su refinamiento y solidez estructural, que refleja la influencia de compositores como Beethoven y Franck, pero con una voz propia. La obra, escrita en tres movimientos, se caracteriza por su claridad formal y riqueza orquestal.<\/span><\/p>\n<p><span style=\"font-size: 14pt;\">El obo\u00edsta, Olivier Doise, es graduado del Conservatorio Nacional de Par\u00eds. Se uni\u00f3 de forma inmediata a la Orquesta Nacional de Bordeaux-Aquitania. A los 23 a\u00f1os, se convirti\u00f3 en s\u00faper solista de la \u00d3pera de Par\u00eds, en 2003 form\u00f3 parte de la Orquesta Filarm\u00f3nica de M\u00fanich, y en 2009 interpret\u00f3 junto a la Orquesta Filarm\u00f3nica de Radio Francia. Desde 2022 es invitado cada verano para tocar en la prestigiosa Bayreuther Fespielorchester. Su carrera como solista, m\u00fasico de c\u00e1mara y miembro del ensamble de alientos de Par\u00eds-Bastilla lo han llevado a tocar en las salas con m\u00e1s prestigio internacional.<\/span><\/p>\n<p><span style=\"font-size: 14pt;\">El director invitado, Antoine Marguier, empez\u00f3 su carrera como clarinete solista bajo la direcci\u00f3n de Claudio Abbado en la European Union Youth Orchestra y en la Gustav Mahler Jugendorchester. A la edad de 23 a\u00f1os, Armin Jordan, su mentor, lo nombr\u00f3 clarinete bajo solista en la Orchestre de la Suisse Romande, posici\u00f3n en la que estuvo por 16 a\u00f1os. En 2010 Antoine fue nombrado Director residente en la Orchestre National de Lyon. En 2017 fue nombrado de forma permanente Director Titular de la Seoul International Community Orchestra. Como persona comprometida, Antoine fund\u00f3 en 2011 la United Nations Orchestra con sede en Geneva, de la cual es Director Art\u00edstico y Musical. En 2019, la United Nations orchestra se convierte en la Orchestre des Nations.<\/span><\/p>\n","protected":false},"excerpt":{"rendered":"<p>Olivier Doise, concertista invitado Antoine Marguier, director invitado 3er Encuentro Internacional de Oboes Xalapa 2024 La Orquesta Sinf\u00f3nica de Xalapa<\/p>\n","protected":false},"author":4,"featured_media":39259,"comment_status":"closed","ping_status":"closed","sticky":false,"template":"","format":"standard","meta":{"colormag_page_container_layout":"default_layout","colormag_page_sidebar_layout":"default_layout","_jetpack_memberships_contains_paid_content":false,"footnotes":"","jetpack_publicize_message":"","jetpack_publicize_feature_enabled":true,"jetpack_social_post_already_shared":true,"jetpack_social_options":{"image_generator_settings":{"template":"highway","default_image_id":0,"font":"","enabled":false},"version":2}},"categories":[358],"tags":[],"class_list":["post-39258","post","type-post","status-publish","format-standard","has-post-thumbnail","hentry","category-cultura"],"jetpack_publicize_connections":[],"jetpack_featured_media_url":"https:\/\/noticiasveracruz.com\/wp-content\/uploads\/2024\/09\/Antoine-Marguier.jpg","jetpack_sharing_enabled":true,"publishpress_future_action":{"enabled":false,"date":"2026-05-08 00:50:36","action":"change-status","newStatus":"draft","terms":[],"taxonomy":"category","extraData":[]},"publishpress_future_workflow_manual_trigger":{"enabledWorkflows":[]},"_links":{"self":[{"href":"https:\/\/noticiasveracruz.com\/index.php\/wp-json\/wp\/v2\/posts\/39258","targetHints":{"allow":["GET"]}}],"collection":[{"href":"https:\/\/noticiasveracruz.com\/index.php\/wp-json\/wp\/v2\/posts"}],"about":[{"href":"https:\/\/noticiasveracruz.com\/index.php\/wp-json\/wp\/v2\/types\/post"}],"author":[{"embeddable":true,"href":"https:\/\/noticiasveracruz.com\/index.php\/wp-json\/wp\/v2\/users\/4"}],"replies":[{"embeddable":true,"href":"https:\/\/noticiasveracruz.com\/index.php\/wp-json\/wp\/v2\/comments?post=39258"}],"version-history":[{"count":0,"href":"https:\/\/noticiasveracruz.com\/index.php\/wp-json\/wp\/v2\/posts\/39258\/revisions"}],"wp:featuredmedia":[{"embeddable":true,"href":"https:\/\/noticiasveracruz.com\/index.php\/wp-json\/wp\/v2\/media\/39259"}],"wp:attachment":[{"href":"https:\/\/noticiasveracruz.com\/index.php\/wp-json\/wp\/v2\/media?parent=39258"}],"wp:term":[{"taxonomy":"category","embeddable":true,"href":"https:\/\/noticiasveracruz.com\/index.php\/wp-json\/wp\/v2\/categories?post=39258"},{"taxonomy":"post_tag","embeddable":true,"href":"https:\/\/noticiasveracruz.com\/index.php\/wp-json\/wp\/v2\/tags?post=39258"}],"curies":[{"name":"wp","href":"https:\/\/api.w.org\/{rel}","templated":true}]}}