{"id":38942,"date":"2024-08-31T00:21:22","date_gmt":"2024-08-31T05:21:22","guid":{"rendered":"https:\/\/noticiasveracruz.com\/?p=38942"},"modified":"2024-08-31T00:21:22","modified_gmt":"2024-08-31T05:21:22","slug":"venezuela-sufrio-sabotaje-electrico-que-dejo-a-oscuras-a-casi-todo-el-pais","status":"publish","type":"post","link":"https:\/\/noticiasveracruz.com\/index.php\/2024\/08\/31\/venezuela-sufrio-sabotaje-electrico-que-dejo-a-oscuras-a-casi-todo-el-pais\/","title":{"rendered":"Venezuela sufri\u00f3 \u00absabotaje el\u00e9ctrico\u00bb que dej\u00f3 a oscuras a casi todo el pa\u00eds"},"content":{"rendered":"<div>\n<div id=\"content-body-225-12479479\">\n<p><span style=\"font-size: 14pt;\">Un\u00a0apag\u00f3n\u00a0registrado en la madrugada de este viernes dej\u00f3 a oscuras a\u00a0Venezuela, incluyendo a la capital, Caracas, inform\u00f3 Freddy \u00d1\u00e1\u00f1ez, ministro de Comunicaci\u00f3n, que atribuy\u00f3 el hecho a un \u00absabotaje\u00bb.<\/span><\/p>\n<p><span style=\"font-size: 14pt;\">\u00abEstamos informando que aproximadamente a las 4 y 40 de la madrugada [8h40 GMT] de hoy viernes 30 de agosto\u00a0se produjo en Venezuela un sabotaje el\u00e9ctrico, un sabotaje contra el sistema nacional el\u00e9ctrico, que ha afectado a casi todo el territorio nacional. Los 24 estados est\u00e1n reportando de manera total o parcial la p\u00e9rdida del suministro el\u00e9ctrico\u00bb, dijo el ministro al canal estatal VTV.<\/span><\/p>\n<div>\n<div>\n<div><\/div>\n<\/div>\n<\/div>\n<\/div>\n<\/div>\n<div>\n<div id=\"dfp-nota-1x3s\" data-google-query-id=\"CJCKmcG9nogDFaTPTwIdAtAmJQ\">\n<div id=\"google_ads_iframe_\/2000002\/la-prensa\/mexico_nota_1x3_0__container__\">\n<div id=\"inArticle_1\">\n<div>\n<div>\n<div>\n<div><span style=\"font-size: 14pt;\">Los apagones son frecuentes en Venezuela desde hace una d\u00e9cada. El peor de estos ocurri\u00f3 en marzo de 2019 y se prolong\u00f3 por varios d\u00edas, dejando al pa\u00eds a oscuras.<\/span><\/div>\n<\/div>\n<\/div>\n<\/div>\n<\/div>\n<\/div>\n<\/div>\n<\/div>\n<article>\n<div id=\"content-body-5851641-12479479\">\n<p><span style=\"font-size: 14pt;\">Regiones del oeste del pa\u00eds como T\u00e1chira y Zulia, otrora capital petrolera, viven cortes de electricidad a diario.<\/span><\/p>\n<p><span style=\"font-size: 14pt;\">El gobierno del presidente\u00a0Nicol\u00e1s Maduro\u00a0normalmente\u00a0atribuye estas fallas a planes orquestados por Estados Unidos y la oposici\u00f3n para derrocarlo. Aunque dirigentes opositores y especialistas, contrarios a la tesis de los sabotajes, responsabilizan al gobierno por falta de inversi\u00f3n, impericia y corrupci\u00f3n.<\/span><\/p>\n<p><span style=\"font-size: 14pt;\">\u00abEs un nuevo sabotaje el\u00e9ctrico\u00bb, insisti\u00f3 el ministro. \u00abLo hemos lo vivimos en el 2019, sabemos lo que nos cost\u00f3 en el 2019, sabemos lo que nos ha costado recuperar el sistema el\u00e9ctrico nacional desde entonces y hoy estamos enfrent\u00e1ndolo con los protocolos\u00bb.<\/span><\/p>\n<\/div>\n<\/article>\n","protected":false},"excerpt":{"rendered":"<p>Un\u00a0apag\u00f3n\u00a0registrado en la madrugada de este viernes dej\u00f3 a oscuras a\u00a0Venezuela, incluyendo a la capital, Caracas, inform\u00f3 Freddy \u00d1\u00e1\u00f1ez, ministro<\/p>\n","protected":false},"author":4,"featured_media":38943,"comment_status":"closed","ping_status":"closed","sticky":false,"template":"","format":"standard","meta":{"colormag_page_container_layout":"default_layout","colormag_page_sidebar_layout":"default_layout","_jetpack_memberships_contains_paid_content":false,"footnotes":"","jetpack_publicize_message":"","jetpack_publicize_feature_enabled":true,"jetpack_social_post_already_shared":true,"jetpack_social_options":{"image_generator_settings":{"template":"highway","default_image_id":0,"font":"","enabled":false},"version":2}},"categories":[355],"tags":[],"class_list":["post-38942","post","type-post","status-publish","format-standard","has-post-thumbnail","hentry","category-internacional"],"jetpack_publicize_connections":[],"jetpack_featured_media_url":"https:\/\/noticiasveracruz.com\/wp-content\/uploads\/2024\/08\/Venezuela-3.jpg","jetpack_sharing_enabled":true,"publishpress_future_action":{"enabled":false,"date":"2026-05-10 07:13:21","action":"change-status","newStatus":"draft","terms":[],"taxonomy":"category","extraData":[]},"publishpress_future_workflow_manual_trigger":{"enabledWorkflows":[]},"_links":{"self":[{"href":"https:\/\/noticiasveracruz.com\/index.php\/wp-json\/wp\/v2\/posts\/38942","targetHints":{"allow":["GET"]}}],"collection":[{"href":"https:\/\/noticiasveracruz.com\/index.php\/wp-json\/wp\/v2\/posts"}],"about":[{"href":"https:\/\/noticiasveracruz.com\/index.php\/wp-json\/wp\/v2\/types\/post"}],"author":[{"embeddable":true,"href":"https:\/\/noticiasveracruz.com\/index.php\/wp-json\/wp\/v2\/users\/4"}],"replies":[{"embeddable":true,"href":"https:\/\/noticiasveracruz.com\/index.php\/wp-json\/wp\/v2\/comments?post=38942"}],"version-history":[{"count":0,"href":"https:\/\/noticiasveracruz.com\/index.php\/wp-json\/wp\/v2\/posts\/38942\/revisions"}],"wp:featuredmedia":[{"embeddable":true,"href":"https:\/\/noticiasveracruz.com\/index.php\/wp-json\/wp\/v2\/media\/38943"}],"wp:attachment":[{"href":"https:\/\/noticiasveracruz.com\/index.php\/wp-json\/wp\/v2\/media?parent=38942"}],"wp:term":[{"taxonomy":"category","embeddable":true,"href":"https:\/\/noticiasveracruz.com\/index.php\/wp-json\/wp\/v2\/categories?post=38942"},{"taxonomy":"post_tag","embeddable":true,"href":"https:\/\/noticiasveracruz.com\/index.php\/wp-json\/wp\/v2\/tags?post=38942"}],"curies":[{"name":"wp","href":"https:\/\/api.w.org\/{rel}","templated":true}]}}