{"id":38868,"date":"2024-08-29T17:52:35","date_gmt":"2024-08-29T22:52:35","guid":{"rendered":"https:\/\/noticiasveracruz.com\/?p=38868"},"modified":"2024-08-29T17:52:35","modified_gmt":"2024-08-29T22:52:35","slug":"con-una-gran-asistencia-se-llevo-a-cabo-la-ultima-jornada-multidiciplinaria-del-mes-de-agosto","status":"publish","type":"post","link":"https:\/\/noticiasveracruz.com\/index.php\/2024\/08\/29\/con-una-gran-asistencia-se-llevo-a-cabo-la-ultima-jornada-multidiciplinaria-del-mes-de-agosto\/","title":{"rendered":"Con una gran asistencia se llev\u00f3 a cabo la \u00faltima Jornada Multidiciplinaria del mes de agosto"},"content":{"rendered":"<p><span style=\"font-size: 14pt;\">Personas de todas las edades asistieron a la Jornada Multidisciplinaria que se realiza todos los jueves, de 10:00 a 15:00 horas, en la planta baja de la presidencia municipal.<\/span><\/p>\n<p><span style=\"font-size: 14pt;\">Estas acciones en beneficio de las familias tuxpe\u00f1as son llevadas a cabo por la Sindicatura \u00danica del gobierno de Tuxpan, a cargo de la Mtra. Beatriz Pi\u00f1a Vergara.<\/span><\/p>\n<p><span style=\"font-size: 14pt;\">En esta jornada se practicaron de manera gratuita valoraciones visuales para detectar cualquier defecto de la vista, y el Grupo \u00d3ptico del Totonacapan ofreci\u00f3 la adquisici\u00f3n de lentes graduados de excelente calidad, con una gran variedad de armazones, a bajo costo.<\/span><\/p>\n<p><span style=\"font-size: 14pt;\">As\u00ed mismo, ni\u00f1os, j\u00f3venes y adultos aprovecharon la oportunidad para que profesionales del Instituto de Belleza \u201cThe Queens\u201d les realizaran un corte de cabello.<\/span><\/p>\n<p><span style=\"font-size: 14pt;\">Como cada jueves, la fundaci\u00f3n \u201cSin miedo a trabajar contigo\u201d imparti\u00f3 el taller para la elaboraci\u00f3n de diversos art\u00edculos con list\u00f3n, que le permite a quienes aprenden esta manualidad hacer decoraciones para su hogar o emprender alg\u00fan negocio que les genere un ingreso extra.<\/span><\/p>\n<p><span style=\"font-size: 14pt;\">Pi\u00f1a Vergara reiter\u00f3 el compromiso que tiene el gobierno municipal con la salud y el apoyo a la econom\u00eda familiar, al acercar estos servicios a la ciudadan\u00eda, e inform\u00f3 que esta campa\u00f1a continuar\u00e1 vigente hasta finalizar el a\u00f1o.<\/span><\/p>\n","protected":false},"excerpt":{"rendered":"<p>Personas de todas las edades asistieron a la Jornada Multidisciplinaria que se realiza todos los jueves, de 10:00 a 15:00<\/p>\n","protected":false},"author":4,"featured_media":38869,"comment_status":"closed","ping_status":"closed","sticky":false,"template":"","format":"standard","meta":{"colormag_page_container_layout":"default_layout","colormag_page_sidebar_layout":"default_layout","_jetpack_memberships_contains_paid_content":false,"footnotes":"","jetpack_publicize_message":"","jetpack_publicize_feature_enabled":true,"jetpack_social_post_already_shared":true,"jetpack_social_options":{"image_generator_settings":{"template":"highway","default_image_id":0,"font":"","enabled":false},"version":2}},"categories":[3372,356],"tags":[],"class_list":["post-38868","post","type-post","status-publish","format-standard","has-post-thumbnail","hentry","category-gobierno-tuxpan","category-veracruz"],"jetpack_publicize_connections":[],"jetpack_featured_media_url":"https:\/\/noticiasveracruz.com\/wp-content\/uploads\/2024\/08\/d4f92b5e-699c-4f0d-8f55-eb7a8298e334.jpg","jetpack_sharing_enabled":true,"publishpress_future_action":{"enabled":false,"date":"2026-05-10 06:05:46","action":"change-status","newStatus":"draft","terms":[],"taxonomy":"category","extraData":[]},"publishpress_future_workflow_manual_trigger":{"enabledWorkflows":[]},"_links":{"self":[{"href":"https:\/\/noticiasveracruz.com\/index.php\/wp-json\/wp\/v2\/posts\/38868","targetHints":{"allow":["GET"]}}],"collection":[{"href":"https:\/\/noticiasveracruz.com\/index.php\/wp-json\/wp\/v2\/posts"}],"about":[{"href":"https:\/\/noticiasveracruz.com\/index.php\/wp-json\/wp\/v2\/types\/post"}],"author":[{"embeddable":true,"href":"https:\/\/noticiasveracruz.com\/index.php\/wp-json\/wp\/v2\/users\/4"}],"replies":[{"embeddable":true,"href":"https:\/\/noticiasveracruz.com\/index.php\/wp-json\/wp\/v2\/comments?post=38868"}],"version-history":[{"count":0,"href":"https:\/\/noticiasveracruz.com\/index.php\/wp-json\/wp\/v2\/posts\/38868\/revisions"}],"wp:featuredmedia":[{"embeddable":true,"href":"https:\/\/noticiasveracruz.com\/index.php\/wp-json\/wp\/v2\/media\/38869"}],"wp:attachment":[{"href":"https:\/\/noticiasveracruz.com\/index.php\/wp-json\/wp\/v2\/media?parent=38868"}],"wp:term":[{"taxonomy":"category","embeddable":true,"href":"https:\/\/noticiasveracruz.com\/index.php\/wp-json\/wp\/v2\/categories?post=38868"},{"taxonomy":"post_tag","embeddable":true,"href":"https:\/\/noticiasveracruz.com\/index.php\/wp-json\/wp\/v2\/tags?post=38868"}],"curies":[{"name":"wp","href":"https:\/\/api.w.org\/{rel}","templated":true}]}}