{"id":38798,"date":"2024-08-29T05:01:24","date_gmt":"2024-08-29T10:01:24","guid":{"rendered":"https:\/\/noticiasveracruz.com\/?p=38798"},"modified":"2024-08-28T23:11:22","modified_gmt":"2024-08-29T04:11:22","slug":"opositora-venezolana-maria-corina-machado-encabeza-marcha-contra-reeleccion-de-maduro","status":"publish","type":"post","link":"https:\/\/noticiasveracruz.com\/index.php\/2024\/08\/29\/opositora-venezolana-maria-corina-machado-encabeza-marcha-contra-reeleccion-de-maduro\/","title":{"rendered":"Opositora venezolana Mar\u00eda Corina Machado encabeza marcha contra reelecci\u00f3n de Maduro"},"content":{"rendered":"<div>\n<div id=\"content-body-225-12469382\">\n<p><span style=\"font-size: 14pt;\">La jefa de la oposici\u00f3n venezolana,\u00a0Mar\u00eda Corina Machado, encabez\u00f3 este mi\u00e9rcoles una manifestaci\u00f3n junto a centenares de seguidores que protestaron contra la cuestionada reelecci\u00f3n del presidente\u00a0Nicol\u00e1s Maduro\u00a0hace un mes.<\/span><\/p>\n<p><span style=\"font-size: 14pt;\">Maduro fue proclamado reelecto para un tercer mandato de seis a\u00f1os en las presidenciales del 28 de julio, que la oposici\u00f3n liderada por Mar\u00eda Corina Machado denuncia como fraudulenta y asegura tener las pruebas que demuestran que su candidato,\u00a0Edmundo Gonz\u00e1lez Urrutia, fue el vencedor de la contienda.<\/span><\/p>\n<div id=\"sm-it-main-container-1724904603135\" data-it=\"208d22c0-e733-4cde-b829-f839545521b3\" data-device=\"desktop\" data-index=\"0\">\n<div id=\"sm-reference-1724904603135\"><span style=\"font-size: 14pt;\">\u00ab\u00a1Valiente, valiente!\u00bb, gritaban a Machado, que sali\u00f3 de la clandestinidad\u00a0para participar de la marcha como en otras oportunidades. Lleg\u00f3 camuflada con un su\u00e9ter negro, subi\u00f3 al cami\u00f3n que sirvi\u00f3 de tarima y tras su discurso sali\u00f3 en una moto.<\/span><\/div>\n<\/div>\n<\/div>\n<\/div>\n<article>\n<div id=\"content-body-5851641-12469382\">\n<p><span style=\"font-size: 14pt;\">\u00abTenemos que pensar lo que hemos hecho en este mes, es una etapa dura y lo sab\u00edamos\u00bb, pero \u00abcada d\u00eda que pasa estamos avanzando, tenemos una estrategia robusta y est\u00e1 funcionando\u00bb, expres\u00f3. \u00abEsta protesta es indetenible\u00bb.<\/span><\/p>\n<p><span style=\"font-size: 14pt;\">\u00abDicen que el r\u00e9gimen no va a ceder\u00bb, sigui\u00f3. \u00abSaben qu\u00e9: lo vamos a hacer ceder y ceder significa respetar la voluntad expresada el 28 de julio\u00bb.<\/span><\/p>\n<p><span style=\"font-size: 14pt;\">El\u00a0Consejo Nacional Electoral (CNE)\u00a0proclam\u00f3 a Maduro con el 52 por ciento del sufragio, sin publicar el escrutinio detallado mesa por mesa, como manda la ley. El resultado fue convalido por la corte suprema.<\/span><\/p>\n<p><span style=\"font-size: 14pt;\">Ambos organismos est\u00e1n se\u00f1alados de servir al chavismo, que convoc\u00f3 tambi\u00e9n para este mi\u00e9rcoles a una manifestaci\u00f3n para \u00abcelebrar\u00bb su victoria, desconocida por\u00a0Estados Unidos, la Uni\u00f3n Europea y varios pa\u00edses de la regi\u00f3n.<\/span><\/p>\n<\/div>\n<\/article>\n","protected":false},"excerpt":{"rendered":"<p>La jefa de la oposici\u00f3n venezolana,\u00a0Mar\u00eda Corina Machado, encabez\u00f3 este mi\u00e9rcoles una manifestaci\u00f3n junto a centenares de seguidores que protestaron<\/p>\n","protected":false},"author":4,"featured_media":38799,"comment_status":"closed","ping_status":"closed","sticky":false,"template":"","format":"standard","meta":{"colormag_page_container_layout":"default_layout","colormag_page_sidebar_layout":"default_layout","_jetpack_memberships_contains_paid_content":false,"footnotes":"","jetpack_publicize_message":"","jetpack_publicize_feature_enabled":true,"jetpack_social_post_already_shared":true,"jetpack_social_options":{"image_generator_settings":{"template":"highway","default_image_id":0,"font":"","enabled":false},"version":2}},"categories":[355],"tags":[],"class_list":["post-38798","post","type-post","status-publish","format-standard","has-post-thumbnail","hentry","category-internacional"],"jetpack_publicize_connections":[],"jetpack_featured_media_url":"https:\/\/noticiasveracruz.com\/wp-content\/uploads\/2024\/08\/Maria-Corina-Machado.jpg","jetpack_sharing_enabled":true,"publishpress_future_action":{"enabled":false,"date":"2026-05-10 10:06:51","action":"change-status","newStatus":"draft","terms":[],"taxonomy":"category","extraData":[]},"publishpress_future_workflow_manual_trigger":{"enabledWorkflows":[]},"_links":{"self":[{"href":"https:\/\/noticiasveracruz.com\/index.php\/wp-json\/wp\/v2\/posts\/38798","targetHints":{"allow":["GET"]}}],"collection":[{"href":"https:\/\/noticiasveracruz.com\/index.php\/wp-json\/wp\/v2\/posts"}],"about":[{"href":"https:\/\/noticiasveracruz.com\/index.php\/wp-json\/wp\/v2\/types\/post"}],"author":[{"embeddable":true,"href":"https:\/\/noticiasveracruz.com\/index.php\/wp-json\/wp\/v2\/users\/4"}],"replies":[{"embeddable":true,"href":"https:\/\/noticiasveracruz.com\/index.php\/wp-json\/wp\/v2\/comments?post=38798"}],"version-history":[{"count":0,"href":"https:\/\/noticiasveracruz.com\/index.php\/wp-json\/wp\/v2\/posts\/38798\/revisions"}],"wp:featuredmedia":[{"embeddable":true,"href":"https:\/\/noticiasveracruz.com\/index.php\/wp-json\/wp\/v2\/media\/38799"}],"wp:attachment":[{"href":"https:\/\/noticiasveracruz.com\/index.php\/wp-json\/wp\/v2\/media?parent=38798"}],"wp:term":[{"taxonomy":"category","embeddable":true,"href":"https:\/\/noticiasveracruz.com\/index.php\/wp-json\/wp\/v2\/categories?post=38798"},{"taxonomy":"post_tag","embeddable":true,"href":"https:\/\/noticiasveracruz.com\/index.php\/wp-json\/wp\/v2\/tags?post=38798"}],"curies":[{"name":"wp","href":"https:\/\/api.w.org\/{rel}","templated":true}]}}