{"id":38641,"date":"2024-08-26T14:33:08","date_gmt":"2024-08-26T19:33:08","guid":{"rendered":"https:\/\/noticiasveracruz.com\/?p=38641"},"modified":"2024-08-26T14:33:08","modified_gmt":"2024-08-26T19:33:08","slug":"la-escuela-primaria-miguel-lerdo-de-tejada-participo-en-el-lunes-civico","status":"publish","type":"post","link":"https:\/\/noticiasveracruz.com\/index.php\/2024\/08\/26\/la-escuela-primaria-miguel-lerdo-de-tejada-participo-en-el-lunes-civico\/","title":{"rendered":"La Escuela Primaria \u201cMiguel Lerdo de Tejada\u201d particip\u00f3 en el Lunes C\u00edvico"},"content":{"rendered":"<p><span style=\"font-size: 14pt;\">El H. Ayuntamiento de Tuxpan realiz\u00f3 el lunes c\u00edvico que marca el inicio del ciclo escolar 2024 \u2013 2025, en la plaza c\u00edvica. Participaron alumnas, alumnos y personal docente de la escuela primaria Miguel Lerdo de Tejada.<\/span><\/p>\n<p><span style=\"font-size: 14pt;\">Encabezaron el acto el Prof. Jorge Arturo Garc\u00eda Robles, director de Educaci\u00f3n, en representaci\u00f3n del alcalde Jos\u00e9 Manuel Pozos Castro; la regidora Maryanela Monroy Flores; el capit\u00e1n primero de infanter\u00eda Sergio Palacios Salmer\u00f3n, de la 19\u00aa Zona Militar; la Lic. Itzel Le\u00f3n Santiago, representante de la Delegaci\u00f3n Regional de la SEV.<\/span><\/p>\n<p><span style=\"font-size: 14pt;\">La Profa. Maril\u00fa de la Cruz Cruz, directora de la primaria Miguel Lerdo de Tejada; el Prof. Eleuterio Samuel Salazar Escalante, supervisor de la Zona Escolar 06; la Lic. Yeni Elizabeth D\u00edaz Quevedo, coordinadora del IVEA Tuxpan.<\/span><\/p>\n<p><span style=\"font-size: 14pt;\">Las y los estudiantes Luciana Elizeth, Jorge Emmanuel, Hannia Sof\u00eda, Zuria Michelle, Sof\u00eda Nallely y Alia Mar\u00eda expusieron las efem\u00e9rides de esta semana, e Isaac Leonardo present\u00f3 una rese\u00f1a alusiva al inicio del ciclo escolar; mientras que los alumnos de 5\u00ba grado realizaron un baile titulado \u201cFlor de Pi\u00f1a\u201d.<\/span><\/p>\n<p><span style=\"font-size: 14pt;\">Durante el evento, la Profa. Maril\u00fa de la Cruz Cruz llev\u00f3 a cabo la entrega simb\u00f3lica de libros de texto gratuitos.<\/span><\/p>\n<p><span style=\"font-size: 14pt;\">Al finalizar, la Secretar\u00eda de la Defensa Nacional realiz\u00f3 la exposici\u00f3n fotogr\u00e1fica \u00abLa gran fuerza de M\u00e9xico, siempre por ti, siempre por M\u00e9xico\u00bb.<\/span><\/p>\n<p><span style=\"font-size: 14pt;\">Tambi\u00e9n estuvieron presentes docentes y padres de familia de los alumnos; coordinadores y directores de las diversas \u00e1reas del Ayuntamiento de Tuxpan; Secci\u00f3n de Fusileros y la Banda de Guerra del 39\u00ba Batall\u00f3n de Infanter\u00eda; as\u00ed como elementos de la Polic\u00eda Municipal, Protecci\u00f3n Civil y Bomberos.<\/span><\/p>\n","protected":false},"excerpt":{"rendered":"<p>El H. Ayuntamiento de Tuxpan realiz\u00f3 el lunes c\u00edvico que marca el inicio del ciclo escolar 2024 \u2013 2025, en<\/p>\n","protected":false},"author":4,"featured_media":38642,"comment_status":"closed","ping_status":"closed","sticky":false,"template":"","format":"standard","meta":{"colormag_page_container_layout":"default_layout","colormag_page_sidebar_layout":"default_layout","_jetpack_memberships_contains_paid_content":false,"footnotes":"","jetpack_publicize_message":"","jetpack_publicize_feature_enabled":true,"jetpack_social_post_already_shared":true,"jetpack_social_options":{"image_generator_settings":{"template":"highway","default_image_id":0,"font":"","enabled":false},"version":2}},"categories":[3372,356],"tags":[],"class_list":["post-38641","post","type-post","status-publish","format-standard","has-post-thumbnail","hentry","category-gobierno-tuxpan","category-veracruz"],"jetpack_publicize_connections":[],"jetpack_featured_media_url":"https:\/\/noticiasveracruz.com\/wp-content\/uploads\/2024\/08\/391d2c07-fade-4966-acf3-54981a99feba.jpg","jetpack_sharing_enabled":true,"publishpress_future_action":{"enabled":false,"date":"2026-05-10 07:12:32","action":"change-status","newStatus":"draft","terms":[],"taxonomy":"category","extraData":[]},"publishpress_future_workflow_manual_trigger":{"enabledWorkflows":[]},"_links":{"self":[{"href":"https:\/\/noticiasveracruz.com\/index.php\/wp-json\/wp\/v2\/posts\/38641","targetHints":{"allow":["GET"]}}],"collection":[{"href":"https:\/\/noticiasveracruz.com\/index.php\/wp-json\/wp\/v2\/posts"}],"about":[{"href":"https:\/\/noticiasveracruz.com\/index.php\/wp-json\/wp\/v2\/types\/post"}],"author":[{"embeddable":true,"href":"https:\/\/noticiasveracruz.com\/index.php\/wp-json\/wp\/v2\/users\/4"}],"replies":[{"embeddable":true,"href":"https:\/\/noticiasveracruz.com\/index.php\/wp-json\/wp\/v2\/comments?post=38641"}],"version-history":[{"count":0,"href":"https:\/\/noticiasveracruz.com\/index.php\/wp-json\/wp\/v2\/posts\/38641\/revisions"}],"wp:featuredmedia":[{"embeddable":true,"href":"https:\/\/noticiasveracruz.com\/index.php\/wp-json\/wp\/v2\/media\/38642"}],"wp:attachment":[{"href":"https:\/\/noticiasveracruz.com\/index.php\/wp-json\/wp\/v2\/media?parent=38641"}],"wp:term":[{"taxonomy":"category","embeddable":true,"href":"https:\/\/noticiasveracruz.com\/index.php\/wp-json\/wp\/v2\/categories?post=38641"},{"taxonomy":"post_tag","embeddable":true,"href":"https:\/\/noticiasveracruz.com\/index.php\/wp-json\/wp\/v2\/tags?post=38641"}],"curies":[{"name":"wp","href":"https:\/\/api.w.org\/{rel}","templated":true}]}}