{"id":3855,"date":"2022-05-02T07:13:03","date_gmt":"2022-05-02T12:13:03","guid":{"rendered":"https:\/\/noticiasveracruz.com\/?p=3855"},"modified":"2022-05-03T11:37:36","modified_gmt":"2022-05-03T16:37:36","slug":"a-detener-el-deterioro-de-quintana-roo-pide-pech","status":"publish","type":"post","link":"https:\/\/noticiasveracruz.com\/index.php\/2022\/05\/02\/a-detener-el-deterioro-de-quintana-roo-pide-pech\/","title":{"rendered":"A detener el deterioro de Quintana Roo, pide Pech"},"content":{"rendered":"<p><span style=\"font-size: 14pt;\"><em><strong>Canc\u00fan.<\/strong> <\/em><strong>Jos\u00e9 Luis Pech,<\/strong> candidato de <strong>Movimiento Ciudadano al gobierno de Quintana Roo,<\/strong> coloca el patrimonio del estado como una de sus prioridades, asegur\u00f3 que para eso quiere llegar a la administraci\u00f3n p\u00fablica.<\/span><\/p>\n<blockquote><p><span style=\"font-size: 14pt;\">Quintana Roo, nuestro para\u00edso, se est\u00e1 deteriorando a pasos agigantados y hay que detenerlo\u201d, asegur\u00f3 el ex rector de la Universidad Aut\u00f3noma de Quintana Roo.<\/span><\/p><\/blockquote>\n<p><span style=\"font-size: 14pt;\"><strong>Explic\u00f3 que la zona norte del estado tiene crecimiento, pero no bienestar.<\/strong> En cambio, la parte no tiene crecimiento y lo que requieren es la reactivaci\u00f3n econ\u00f3mica en la zona.<\/span><\/p>\n<blockquote><p><span style=\"font-size: 14pt;\">El estado tiene el rol fundamental de dejar un piso parejo para que los de abajo tengan la oportunidad de subir y los de arriba tengan la oportunidad de invertir\u201d, expres\u00f3 el flamante emecista.<\/span><\/p><\/blockquote>\n<p><strong><span style=\"font-size: 14pt;\">Jos\u00e9 Luis Pech, candidato de Movimiento Ciudadano, en abril logra 16.2 por ciento, y va creciendo.<\/span><\/strong><\/p>\n<p>&nbsp;<\/p>\n<p>&nbsp;<\/p>\n","protected":false},"excerpt":{"rendered":"<p>Canc\u00fan. Jos\u00e9 Luis Pech, candidato de Movimiento Ciudadano al gobierno de Quintana Roo, coloca el patrimonio del estado como una<\/p>\n","protected":false},"author":4,"featured_media":3856,"comment_status":"closed","ping_status":"closed","sticky":false,"template":"","format":"standard","meta":{"colormag_page_container_layout":"default_layout","colormag_page_sidebar_layout":"default_layout","_jetpack_memberships_contains_paid_content":false,"footnotes":"","jetpack_publicize_message":"","jetpack_publicize_feature_enabled":true,"jetpack_social_post_already_shared":false,"jetpack_social_options":{"image_generator_settings":{"template":"highway","default_image_id":0,"font":"","enabled":false},"version":2}},"categories":[145],"tags":[552,489],"class_list":["post-3855","post","type-post","status-publish","format-standard","has-post-thumbnail","hentry","category-estados","tag-jose-luis-pech","tag-quintana-roo"],"jetpack_publicize_connections":[],"jetpack_featured_media_url":"https:\/\/noticiasveracruz.com\/wp-content\/uploads\/2022\/05\/P-PECH.png","jetpack_sharing_enabled":true,"publishpress_future_action":{"enabled":false,"date":"2026-05-03 23:24:28","action":"change-status","newStatus":"draft","terms":[],"taxonomy":"category","extraData":[]},"publishpress_future_workflow_manual_trigger":{"enabledWorkflows":[]},"_links":{"self":[{"href":"https:\/\/noticiasveracruz.com\/index.php\/wp-json\/wp\/v2\/posts\/3855","targetHints":{"allow":["GET"]}}],"collection":[{"href":"https:\/\/noticiasveracruz.com\/index.php\/wp-json\/wp\/v2\/posts"}],"about":[{"href":"https:\/\/noticiasveracruz.com\/index.php\/wp-json\/wp\/v2\/types\/post"}],"author":[{"embeddable":true,"href":"https:\/\/noticiasveracruz.com\/index.php\/wp-json\/wp\/v2\/users\/4"}],"replies":[{"embeddable":true,"href":"https:\/\/noticiasveracruz.com\/index.php\/wp-json\/wp\/v2\/comments?post=3855"}],"version-history":[{"count":0,"href":"https:\/\/noticiasveracruz.com\/index.php\/wp-json\/wp\/v2\/posts\/3855\/revisions"}],"wp:featuredmedia":[{"embeddable":true,"href":"https:\/\/noticiasveracruz.com\/index.php\/wp-json\/wp\/v2\/media\/3856"}],"wp:attachment":[{"href":"https:\/\/noticiasveracruz.com\/index.php\/wp-json\/wp\/v2\/media?parent=3855"}],"wp:term":[{"taxonomy":"category","embeddable":true,"href":"https:\/\/noticiasveracruz.com\/index.php\/wp-json\/wp\/v2\/categories?post=3855"},{"taxonomy":"post_tag","embeddable":true,"href":"https:\/\/noticiasveracruz.com\/index.php\/wp-json\/wp\/v2\/tags?post=3855"}],"curies":[{"name":"wp","href":"https:\/\/api.w.org\/{rel}","templated":true}]}}