{"id":3852,"date":"2022-05-03T07:03:32","date_gmt":"2022-05-03T12:03:32","guid":{"rendered":"https:\/\/noticiasveracruz.com\/?p=3852"},"modified":"2022-05-03T07:03:32","modified_gmt":"2022-05-03T12:03:32","slug":"el-fracaso-de-la-militarizacion-de-la-seguridad-publica","status":"publish","type":"post","link":"https:\/\/noticiasveracruz.com\/index.php\/2022\/05\/03\/el-fracaso-de-la-militarizacion-de-la-seguridad-publica\/","title":{"rendered":"El fracaso de la militarizaci\u00f3n de la seguridad p\u00fablica"},"content":{"rendered":"<p>&nbsp;<\/p>\n<p class=\"p1\"><strong><span style=\"font-size: 18pt;\">Por Aurelio Contreras Moreno<\/span><\/strong><\/p>\n<p class=\"p1\"><span style=\"font-size: 14pt;\">La militarizaci\u00f3n del pa\u00eds ser\u00e1 uno de los peores legados que deje el r\u00e9gimen de la pretendida \u201ccuarta transformaci\u00f3n\u201d.<\/span><\/p>\n<p class=\"p1\"><span style=\"font-size: 14pt;\">Y es que independientemente de qui\u00e9n gobierne a partir de 2024, revertir el proceso de empoderamiento de las fuerzas armadas en todos los campos de la vida p\u00fablica del pa\u00eds ser\u00e1 imposible, por lo menos en el mediano plazo.<\/span><\/p>\n<p class=\"p1\"><span style=\"font-size: 14pt;\">La presidencia de Andr\u00e9s Manuel L\u00f3pez Obrador le entreg\u00f3 el pa\u00eds a los militares, que hoy hacen tremendos negocios construyendo y operado obras multimillonarias como el aeropuerto \u201cFelipe \u00c1ngeles\u201d, un monstruoso \u201celefante blanco\u201d oda a la necedad y al capricho, al que quieren hacer funcionar a punta de \u201cdecretazos\u201d y de presiones a las aerol\u00edneas.<\/span><\/p>\n<p class=\"p1\"><span style=\"font-size: 14pt;\">Los militares tambi\u00e9n participan en la construcci\u00f3n de la refiner\u00eda de Dos Bocas y en el ecocida Tren Maya, mientras administran y controlan las aduanas y los puertos del pa\u00eds. Todo eso les ha entregado el presidente con tal de tener contentas a las fuerzas castrenses e intentar \u201cgarantizar\u201d su \u201clealtad\u201d de la \u00fanica manera que la \u201c4t\u201d sabe hacer pol\u00edtica y gobierno: a billetazos.<\/span><\/p>\n<p class=\"p1\"><span style=\"font-size: 14pt;\">La seguridad p\u00fablica tambi\u00e9n est\u00e1 en sus manos, a pesar de que fue una promesa de campa\u00f1a y una bandera de la izquierda supuestamente democr\u00e1tica regresar a los militares a sus cuarteles, luego de doce a\u00f1os de una estrategia fallida iniciada en el sexenio de Felipe Calder\u00f3n y continuada en el de Enrique Pe\u00f1a Nieto. Nadie se habr\u00eda podido imaginar que con L\u00f3pez Obrador \u00e9sta se exacerbar\u00eda a niveles de rep\u00fablica bananera y que provocar\u00eda el ba\u00f1o de sangre m\u00e1s grande de la historia del pa\u00eds.<\/span><\/p>\n<p class=\"p1\"><span style=\"font-size: 14pt;\">La \u201csoluci\u00f3n\u201d propuesta por el r\u00e9gimen para atender el fen\u00f3meno de la inseguridad fue la creaci\u00f3n de una Guardia Nacional con coordinaci\u00f3n castrense, pero que se prometi\u00f3 ser\u00eda un cuerpo predominantemente civil. A d\u00eda de hoy, esas promesas son letra muerta y los elementos no militares pr\u00e1cticamente han desaparecido de esa corporaci\u00f3n. <\/span><\/p>\n<p class=\"p1\"><span style=\"font-size: 14pt;\">Como resulta l\u00f3gico, a iguales acciones, iguales y hasta peores resultados. Durante lo que va del sexenio de Andr\u00e9s Manuel L\u00f3pez Obrador se hab\u00edan cometido 119 mil 132 homicidios dolosos al corte del 1 de mayo, superando por mucho todos los de la \u201cguerra de Calder\u00f3n\u201d y los de la indolencia de Pe\u00f1a Nieto.<\/span><\/p>\n<p class=\"p1\"><span style=\"font-size: 14pt;\">De esos casi 120 mil homicidios, nueve mil 500 se perpetraron entre enero y abril de 2022, siendo hasta ahora el festivo 1 de mayo el d\u00eda m\u00e1s violento en lo que va del a\u00f1o, con 112 asesinatos.<\/span><\/p>\n<p class=\"p1\"><span style=\"font-size: 14pt;\">\u00bfCu\u00e1l ha sido el beneficio entonces de la Guardia Nacional y de sostener la estrategia de militarizaci\u00f3n de la seguridad p\u00fablica? Si nos atenemos a los n\u00fameros, absolutamente ninguno. Para m\u00e1s, este cuerpo ha servido para atender intereses geopol\u00edticos desastrosos, como la contenci\u00f3n por medio de la fuerza de la migraci\u00f3n centroamericana ante las amenazas del entonces presidente de Estados Unidos, Donald Trump, de reventar la econom\u00eda mexicana imponiendo aranceles a las exportaciones si el gobierno de L\u00f3pez Obrador no deten\u00eda a los \u201chermanos migrantes\u201d, episodio que fue recientemente evocado por aqu\u00e9l, con una frase humillante \u2013\u201cnunca vi a nadie doblarse as\u00ed\u201d- que vergonzosamente no mereci\u00f3 una respuesta contundente de las autoridades mexicanas.<\/span><\/p>\n<p class=\"p1\"><span style=\"font-size: 14pt;\">Los defensores a ultranza y los facilitadores del r\u00e9gimen lopezobradorista justifican la militarizaci\u00f3n que antes condenaron aduciendo que como este gobierno si es \u201cjusto\u201d, \u201cpopular\u201d y de \u201cmayor\u00edas\u201d, no hay problema con que las Fuerzas Armadas se apropien de las tareas que les corresponder\u00edan a los civiles, porque ellos \u201cnunca\u201d les ordenar\u00edan atacar al pueblo, como \u201cpasaba antes\u201d.<\/span><\/p>\n<p class=\"p1\"><span style=\"font-size: 14pt;\">Pero resulta que no hace falta dar la orden. Los militares est\u00e1n entrenados para responder con fuerza letal a cualquier signo que consideren de amenaza, lo que provoca que al realizar tareas de seguridad agredan a civiles, que terminan reducidos a \u201cda\u00f1os colaterales\u201d.<\/span><\/p>\n<p class=\"p1\"><span style=\"font-size: 14pt;\">Fue exactamente eso lo que pas\u00f3 este fin de semana en Irapuato, cuando en un momento de \u201cincertidumbre\u201d un elemento de la Guardia Nacional abri\u00f3 fuego contra un veh\u00edculo que transportaba a estudiantes de la Universidad de Guanajuato, asesinando a uno e hiriendo gravemente a otra.<\/span><\/p>\n<p class=\"p1\"><span style=\"font-size: 14pt;\">Las condenas contra estos hechos han sido un\u00e1nimes. Las universidades del Sistema Universitario Jesuita (SUJ), por ejemplo, condenaron el uso desproporcionado de la fuerza y manifestaron su desaprobaci\u00f3n por la militarizaci\u00f3n de la seguridad p\u00fablica que, \u201ccomo hemos manifestado en repetidas ocasiones, agrava las violaciones a derechos humanos\u201d.<\/span><\/p>\n<p class=\"p1\"><span style=\"font-size: 14pt;\">Todav\u00eda peor, la Universidad de Guanajuato denunci\u00f3 que el presunto homicida fue puesto en libertad al imput\u00e1rsele el delito de tentativa de homicidio, aunque las autoridades afirman que en realidad se trat\u00f3 de otro guardia nacional que tambi\u00e9n dispar\u00f3, pero no hiri\u00f3 a nadie. Un juego de confusiones que m\u00e1s pareciera querer procurar impunidad para el o los agresores. <\/span><\/p>\n<p class=\"p1\"><span style=\"font-size: 14pt;\">Hace muy poco, el Comit\u00e9 contra las Desapariciones Forzadas de la ONU\u00a0public\u00f3 un informe sobre M\u00e9xico, en el que entre otras cosas se\u00f1al\u00f3 que \u201cla permanente participaci\u00f3n de la fuerza armada establecida en la reforma constitucional del 11 de mayo de 2021, a pesar de presentarse como \u2018extraordinaria, regulada, fiscalizada, subordinada y complementaria\u2019, permite poner en duda su conformidad con los est\u00e1ndares constitucionales e internacionales en materia de derechos humanos y seguridad ciudadana\u201d, reporte que solo recibi\u00f3 las consabidas descalificaciones de un presidente ciego y sordo ante cualquier hecho y dicho que contravenga su limitada concepci\u00f3n de la realidad del pa\u00eds.<\/span><\/p>\n<p class=\"p1\"><span style=\"font-size: 14pt;\">El fracaso de la militarizaci\u00f3n de la seguridad p\u00fablica es tr\u00e1gicamente evidente. Y tambi\u00e9n el lopezobradorismo lo cargar\u00e1 sobre los hombros.<\/span><\/p>\n<p>&nbsp;<\/p>\n<p>&nbsp;<\/p>\n<p class=\"p1\"><strong><span style=\"font-size: 18pt;\">Correo: <a href=\"mailto:aureliocontreras@gmail.com\">aureliocontreras@gmail.com<\/a><\/span><\/strong><\/p>\n<p class=\"p1\"><strong><span style=\"font-size: 18pt;\">Twitter: <a href=\"https:\/\/twitter.com\/yeyocontreras\">@yeyocontreras<\/a><\/span><\/strong><\/p>\n<p>&nbsp;<\/p>\n<p>&nbsp;<\/p>\n<p>&nbsp;<\/p>\n","protected":false},"excerpt":{"rendered":"<p>&nbsp; Por Aurelio Contreras Moreno La militarizaci\u00f3n del pa\u00eds ser\u00e1 uno de los peores legados que deje el r\u00e9gimen de<\/p>\n","protected":false},"author":4,"featured_media":3578,"comment_status":"closed","ping_status":"closed","sticky":false,"template":"","format":"standard","meta":{"colormag_page_container_layout":"default_layout","colormag_page_sidebar_layout":"default_layout","_jetpack_memberships_contains_paid_content":false,"footnotes":"","jetpack_publicize_message":"","jetpack_publicize_feature_enabled":true,"jetpack_social_post_already_shared":false,"jetpack_social_options":{"image_generator_settings":{"template":"highway","default_image_id":0,"font":"","enabled":false},"version":2}},"categories":[6],"tags":[],"class_list":["post-3852","post","type-post","status-publish","format-standard","has-post-thumbnail","hentry","category-columnistas"],"jetpack_publicize_connections":[],"jetpack_featured_media_url":"https:\/\/noticiasveracruz.com\/wp-content\/uploads\/2022\/04\/P-AURELIO-CONTRERAS.png","jetpack_sharing_enabled":true,"publishpress_future_action":{"enabled":false,"date":"2026-05-06 08:49:26","action":"change-status","newStatus":"draft","terms":[],"taxonomy":"category","extraData":[]},"publishpress_future_workflow_manual_trigger":{"enabledWorkflows":[]},"_links":{"self":[{"href":"https:\/\/noticiasveracruz.com\/index.php\/wp-json\/wp\/v2\/posts\/3852","targetHints":{"allow":["GET"]}}],"collection":[{"href":"https:\/\/noticiasveracruz.com\/index.php\/wp-json\/wp\/v2\/posts"}],"about":[{"href":"https:\/\/noticiasveracruz.com\/index.php\/wp-json\/wp\/v2\/types\/post"}],"author":[{"embeddable":true,"href":"https:\/\/noticiasveracruz.com\/index.php\/wp-json\/wp\/v2\/users\/4"}],"replies":[{"embeddable":true,"href":"https:\/\/noticiasveracruz.com\/index.php\/wp-json\/wp\/v2\/comments?post=3852"}],"version-history":[{"count":0,"href":"https:\/\/noticiasveracruz.com\/index.php\/wp-json\/wp\/v2\/posts\/3852\/revisions"}],"wp:featuredmedia":[{"embeddable":true,"href":"https:\/\/noticiasveracruz.com\/index.php\/wp-json\/wp\/v2\/media\/3578"}],"wp:attachment":[{"href":"https:\/\/noticiasveracruz.com\/index.php\/wp-json\/wp\/v2\/media?parent=3852"}],"wp:term":[{"taxonomy":"category","embeddable":true,"href":"https:\/\/noticiasveracruz.com\/index.php\/wp-json\/wp\/v2\/categories?post=3852"},{"taxonomy":"post_tag","embeddable":true,"href":"https:\/\/noticiasveracruz.com\/index.php\/wp-json\/wp\/v2\/tags?post=3852"}],"curies":[{"name":"wp","href":"https:\/\/api.w.org\/{rel}","templated":true}]}}