{"id":3850,"date":"2022-05-03T07:00:14","date_gmt":"2022-05-03T12:00:14","guid":{"rendered":"https:\/\/noticiasveracruz.com\/?p=3850"},"modified":"2022-05-03T07:00:14","modified_gmt":"2022-05-03T12:00:14","slug":"alta-inflacion-llego-para-quedarse","status":"publish","type":"post","link":"https:\/\/noticiasveracruz.com\/index.php\/2022\/05\/03\/alta-inflacion-llego-para-quedarse\/","title":{"rendered":"Alta inflaci\u00f3n lleg\u00f3 para quedarse \u00a0"},"content":{"rendered":"<p>&nbsp;<\/p>\n<p class=\"p1\"><strong><span style=\"font-size: 18pt;\">Por M\u00f3nica Camarena Crespo<\/span><\/strong><\/p>\n<p class=\"p1\"><span style=\"font-size: 14pt;\">Aunque no es un tema que es abordado en las \u201cma\u00f1aneras\u201d tal vez porque no le saben o prefieren hacerlo a un lado por la grave afectaci\u00f3n directa al bolsillo del pueblo, la inflaci\u00f3n en M\u00e9xico lleg\u00f3 para quedarse.<\/span><\/p>\n<p class=\"p1\"><span style=\"font-size: 14pt;\">El dato fue confirmado por el subsecretario de Hacienda, Gabriel Yorio, qui\u00e9n tal vez se fue por la libre para confirmar tan mala noticia. Mire, de acuerdo al funcionario federal\u00a0la\u00a0inflaci\u00f3n\u00a0actual (7. 72%) que se vive en\u00a0M\u00e9xico\u00a0ya no puede considerarse\u00a0transitoria\u00a0y se estima que su convergencia a la meta de\u00a03 por ciento\u00a0va a tomar m\u00e1s tiempo,\u00a0entre 12 y 18 meses.<\/span><\/p>\n<p class=\"p1\"><span style=\"font-size: 14pt;\">Resulta que esta tasa anual de inflaci\u00f3n de 7.72% que dio a conocer el INEGI, es la m\u00e1s alta en 21 a\u00f1os, imparable vamos. Las alarmas se detonaron tambi\u00e9n con la m\u00e1s reciente encuesta del Banco de M\u00e9xico (Banxico) la cual arroja que la econom\u00eda del pa\u00eds s\u00f3lo crecer\u00e1 1. 72%.<\/span><\/p>\n<p class=\"p1\"><span style=\"font-size: 14pt;\">Dichas proyecciones colocan a M\u00e9xico en una situaci\u00f3n de franco deterioro econ\u00f3mico, tomando en cuenta que los especialistas vislumbran que para el 2023, el producto interno bruto (PIB) avanzar\u00eda s\u00f3lo un 2 por ciento.<\/span><\/p>\n<p class=\"p1\"><span style=\"font-size: 14pt;\">Junto con estos pron\u00f3sticos llegan otros nada buenos, tomando en cuenta que las presiones inflacionarias, traen consigo el alza en tasas de inter\u00e9s con los impactos negativos correspondientes.<\/span><\/p>\n<p class=\"p1\"><span style=\"font-size: 14pt;\">Los especialistas tambi\u00e9n ven la posibilidad de que el pa\u00eds se encuentre en un estado de estanflaci\u00f3n -altos niveles de inflaci\u00f3n-, por encima del objetivo del banxico y como una consecuencia l\u00f3gica, una econom\u00eda estancada.<\/span><\/p>\n<p class=\"p1\"><span style=\"font-size: 14pt;\">El gobierno de Andr\u00e9s Manuel L\u00f3pez Obrador no ha podido hacer frente a la crisis mundial derivada de la pandemia e incluso, exacerbar la situaci\u00f3n al no otorgar apoyos fiscales a empresas y destinar grandes cantidades de dinero a sus obras emblem\u00e1ticas sin tomar en cuenta el momento que se vive. Se privilegia el control pol\u00edtico de frente al 2024 y el despilfarro en caprichos ha sido la constante, como ejemplo inmediato el ejercicio de revocaci\u00f3n de mandato, que al final result\u00f3 no vinculatoria. As\u00ed, ni como.<\/span><\/p>\n<p class=\"p1\">\n<p class=\"p1\"><span style=\"font-size: 18pt;\"><strong>\u00c1gora<\/strong><\/span><\/p>\n<p class=\"p1\"><span style=\"font-size: 14pt;\">Como para confirmar que no le saben, el\u00a0Centro de Estudios Econ\u00f3micos del Sector Privado (CEESP) asegura que el plan del presidente de la Rep\u00fablica, Andr\u00e9s Manuel L\u00f3pez Obrador para el control de precios, es simple y sencillamente un instrumento similar al Pacto de Solidaridad Econ\u00f3mica que se us\u00f3 a fines de los a\u00f1os 80 y principios de los 90 para combatir la inflaci\u00f3n en M\u00e9xico, de manera m\u00e1s o menos parecida a otros programas heterodoxos de la \u00e9poca como los planes Real y Austral de Brasil y Argentina. Sin palabras.<\/span><\/p>\n<p class=\"p1\">\n<p>&nbsp;<\/p>\n<p class=\"p1\"><strong><span style=\"font-size: 18pt;\">Twitter: <a href=\"https:\/\/twitter.com\/Monicamarena\">@monicamarena<\/a><\/span><\/strong><\/p>\n<p>&nbsp;<\/p>\n<p>&nbsp;<\/p>\n<p>&nbsp;<\/p>\n","protected":false},"excerpt":{"rendered":"<p>&nbsp; Por M\u00f3nica Camarena Crespo Aunque no es un tema que es abordado en las \u201cma\u00f1aneras\u201d tal vez porque no<\/p>\n","protected":false},"author":4,"featured_media":3285,"comment_status":"closed","ping_status":"closed","sticky":false,"template":"","format":"standard","meta":{"colormag_page_container_layout":"default_layout","colormag_page_sidebar_layout":"default_layout","_jetpack_memberships_contains_paid_content":false,"footnotes":"","jetpack_publicize_message":"","jetpack_publicize_feature_enabled":true,"jetpack_social_post_already_shared":false,"jetpack_social_options":{"image_generator_settings":{"template":"highway","default_image_id":0,"font":"","enabled":false},"version":2}},"categories":[6],"tags":[],"class_list":["post-3850","post","type-post","status-publish","format-standard","has-post-thumbnail","hentry","category-columnistas"],"jetpack_publicize_connections":[],"jetpack_featured_media_url":"https:\/\/noticiasveracruz.com\/wp-content\/uploads\/2022\/04\/MO\u0301NICA-CAMARENA-CRESPO.png","jetpack_sharing_enabled":true,"publishpress_future_action":{"enabled":false,"date":"2026-05-06 07:46:04","action":"change-status","newStatus":"draft","terms":[],"taxonomy":"category","extraData":[]},"publishpress_future_workflow_manual_trigger":{"enabledWorkflows":[]},"_links":{"self":[{"href":"https:\/\/noticiasveracruz.com\/index.php\/wp-json\/wp\/v2\/posts\/3850","targetHints":{"allow":["GET"]}}],"collection":[{"href":"https:\/\/noticiasveracruz.com\/index.php\/wp-json\/wp\/v2\/posts"}],"about":[{"href":"https:\/\/noticiasveracruz.com\/index.php\/wp-json\/wp\/v2\/types\/post"}],"author":[{"embeddable":true,"href":"https:\/\/noticiasveracruz.com\/index.php\/wp-json\/wp\/v2\/users\/4"}],"replies":[{"embeddable":true,"href":"https:\/\/noticiasveracruz.com\/index.php\/wp-json\/wp\/v2\/comments?post=3850"}],"version-history":[{"count":0,"href":"https:\/\/noticiasveracruz.com\/index.php\/wp-json\/wp\/v2\/posts\/3850\/revisions"}],"wp:featuredmedia":[{"embeddable":true,"href":"https:\/\/noticiasveracruz.com\/index.php\/wp-json\/wp\/v2\/media\/3285"}],"wp:attachment":[{"href":"https:\/\/noticiasveracruz.com\/index.php\/wp-json\/wp\/v2\/media?parent=3850"}],"wp:term":[{"taxonomy":"category","embeddable":true,"href":"https:\/\/noticiasveracruz.com\/index.php\/wp-json\/wp\/v2\/categories?post=3850"},{"taxonomy":"post_tag","embeddable":true,"href":"https:\/\/noticiasveracruz.com\/index.php\/wp-json\/wp\/v2\/tags?post=3850"}],"curies":[{"name":"wp","href":"https:\/\/api.w.org\/{rel}","templated":true}]}}