{"id":38492,"date":"2024-08-24T01:25:54","date_gmt":"2024-08-24T06:25:54","guid":{"rendered":"https:\/\/noticiasveracruz.com\/?p=38492"},"modified":"2024-08-24T00:42:24","modified_gmt":"2024-08-24T05:42:24","slug":"gobierno-de-tuxpan-entrega-reconocimientos-a-ganadores-del-premio-municipal-de-la-juventud-2024","status":"publish","type":"post","link":"https:\/\/noticiasveracruz.com\/index.php\/2024\/08\/24\/gobierno-de-tuxpan-entrega-reconocimientos-a-ganadores-del-premio-municipal-de-la-juventud-2024\/","title":{"rendered":"Gobierno de Tuxpan entrega reconocimientos a ganadores del Premio Municipal de la Juventud 2024"},"content":{"rendered":"<ul>\n<li><span style=\"font-size: 14pt;\">El Alcalde Jos\u00e9 Manuel Pozos felicit\u00f3 a los ganadores, en las 3 categor\u00edas.<\/span><\/li>\n<\/ul>\n<p><span style=\"font-size: 14pt;\">El alcalde Jos\u00e9 Manuel Pozos Castro hizo entrega de reconocimientos a los ganadores del Premio Municipal de la Juventud 2024, realizado en el marco del D\u00eda Mundial de la Juventud.<\/span><\/p>\n<p><span style=\"font-size: 14pt;\">En la premiaci\u00f3n estuvo acompa\u00f1ado por la regidora comisionada en Impulso a la Juventud, Mtra. Anah\u00ed Aguilar L\u00f3pez; la titular de la Direcci\u00f3n de Juventud y Recreaci\u00f3n, Ing. Karla Ivette Mart\u00ednez Hern\u00e1ndez y familiares de los premiados.<\/span><\/p>\n<p><span style=\"font-size: 14pt;\">El alcalde expres\u00f3 su reconocimiento a los j\u00f3venes, exhort\u00e1ndolos a seguir trabajando con dedicaci\u00f3n y compromiso, para que puedan alcanzar todas las metas que se propongan en la vida.<\/span><\/p>\n<p><span style=\"font-size: 14pt;\">\u201cLos felicito porque este es el resultado de su trabajo y disciplina, tenemos toda la fe en los j\u00f3venes, ya que representan el futuro de Tuxpan, de Veracruz y de M\u00e9xico\u201d, mencion\u00f3.<\/span><\/p>\n<p><span style=\"font-size: 14pt;\">Por su parte, la Ing. Karla Ivette Mart\u00ednez Hern\u00e1ndez agradeci\u00f3 al alcalde por apoyar los proyectos que impulsan el crecimiento de los j\u00f3venes tuxpe\u00f1os, y felicit\u00f3 a los ganadores: \u201custedes son un ejemplo de esfuerzo, creatividad y dedicaci\u00f3n. \u00a1Gracias por inspirar a nuestra comunidad y demostrar que el futuro est\u00e1 en buenas manos!\u201d.<\/span><\/p>\n<p><span style=\"font-size: 14pt;\">Elvia Guadalupe Cruz Blanco fue la ganadora en la categor\u00eda Expresiones Art\u00edsticas y Artes Populares; con su proyecto \u201cRescate y Preservaci\u00f3n del Juguete Popular en el Norte de Veracruz\u201d fund\u00f3 el taller \u201cFlor de las Huastecas\u201d, en donde se elaboran las mu\u00f1ecas \u201cJuanitas\u201d, representativas de nuestro municipio.<\/span><\/p>\n<p><span style=\"font-size: 14pt;\">En la categor\u00eda Logro Acad\u00e9mico, Cient\u00edfico o Tecnol\u00f3gico result\u00f3 ganador el Ing. Mecatr\u00f3nico Gabriel del \u00c1ngel Pati\u00f1o, quien ha participado con \u00e9xito en diversos concursos de rob\u00f3tica a nivel estatal, nacional e internacional, destacando Robotic People Fest Navidad, Chemy-Rob, Olimpiada Mexicana de Ciencia y Tecnolog\u00eda, y Technology Olympics Tech Game, en Per\u00fa, entre otros.<\/span><\/p>\n<p><span style=\"font-size: 14pt;\">El joven Leonardo David Guzm\u00e1n Cort\u00e9s triunf\u00f3 en la categor\u00eda Ingenio Emprendedor con \u201cMoncherry\u201d, donde siguiendo una tendencia japonesa elabora peque\u00f1os mu\u00f1ecos tejidos mediante t\u00e9cnicas de croch\u00e9 o ganchillo. Este negocio inici\u00f3 de manera oficial en la segunda edici\u00f3n de la \u201cExpo J\u00f3venes Emprendedores\u201d, que realiza el gobierno de Tuxpan.<\/span><\/p>\n","protected":false},"excerpt":{"rendered":"<p>El Alcalde Jos\u00e9 Manuel Pozos felicit\u00f3 a los ganadores, en las 3 categor\u00edas. El alcalde Jos\u00e9 Manuel Pozos Castro hizo<\/p>\n","protected":false},"author":4,"featured_media":38493,"comment_status":"closed","ping_status":"closed","sticky":false,"template":"","format":"standard","meta":{"colormag_page_container_layout":"default_layout","colormag_page_sidebar_layout":"default_layout","_jetpack_memberships_contains_paid_content":false,"footnotes":"","jetpack_publicize_message":"","jetpack_publicize_feature_enabled":true,"jetpack_social_post_already_shared":true,"jetpack_social_options":{"image_generator_settings":{"template":"highway","default_image_id":0,"font":"","enabled":false},"version":2}},"categories":[3372,356],"tags":[],"class_list":["post-38492","post","type-post","status-publish","format-standard","has-post-thumbnail","hentry","category-gobierno-tuxpan","category-veracruz"],"jetpack_publicize_connections":[],"jetpack_featured_media_url":"https:\/\/noticiasveracruz.com\/wp-content\/uploads\/2024\/08\/8dafb548-2cc8-4def-90d2-99878824674a.jpg","jetpack_sharing_enabled":true,"publishpress_future_action":{"enabled":false,"date":"2026-05-10 07:13:21","action":"change-status","newStatus":"draft","terms":[],"taxonomy":"category","extraData":[]},"publishpress_future_workflow_manual_trigger":{"enabledWorkflows":[]},"_links":{"self":[{"href":"https:\/\/noticiasveracruz.com\/index.php\/wp-json\/wp\/v2\/posts\/38492","targetHints":{"allow":["GET"]}}],"collection":[{"href":"https:\/\/noticiasveracruz.com\/index.php\/wp-json\/wp\/v2\/posts"}],"about":[{"href":"https:\/\/noticiasveracruz.com\/index.php\/wp-json\/wp\/v2\/types\/post"}],"author":[{"embeddable":true,"href":"https:\/\/noticiasveracruz.com\/index.php\/wp-json\/wp\/v2\/users\/4"}],"replies":[{"embeddable":true,"href":"https:\/\/noticiasveracruz.com\/index.php\/wp-json\/wp\/v2\/comments?post=38492"}],"version-history":[{"count":0,"href":"https:\/\/noticiasveracruz.com\/index.php\/wp-json\/wp\/v2\/posts\/38492\/revisions"}],"wp:featuredmedia":[{"embeddable":true,"href":"https:\/\/noticiasveracruz.com\/index.php\/wp-json\/wp\/v2\/media\/38493"}],"wp:attachment":[{"href":"https:\/\/noticiasveracruz.com\/index.php\/wp-json\/wp\/v2\/media?parent=38492"}],"wp:term":[{"taxonomy":"category","embeddable":true,"href":"https:\/\/noticiasveracruz.com\/index.php\/wp-json\/wp\/v2\/categories?post=38492"},{"taxonomy":"post_tag","embeddable":true,"href":"https:\/\/noticiasveracruz.com\/index.php\/wp-json\/wp\/v2\/tags?post=38492"}],"curies":[{"name":"wp","href":"https:\/\/api.w.org\/{rel}","templated":true}]}}