{"id":3846,"date":"2022-05-03T06:48:38","date_gmt":"2022-05-03T11:48:38","guid":{"rendered":"https:\/\/noticiasveracruz.com\/?p=3846"},"modified":"2022-05-03T06:48:38","modified_gmt":"2022-05-03T11:48:38","slug":"razones-y-sinrazones","status":"publish","type":"post","link":"https:\/\/noticiasveracruz.com\/index.php\/2022\/05\/03\/razones-y-sinrazones\/","title":{"rendered":"Razones y sinrazones"},"content":{"rendered":"<p>&nbsp;<\/p>\n<p><strong><span style=\"font-size: 18pt;\">Por Alberto Woolrich Ortiz<\/span><\/strong><\/p>\n<p class=\"p1\"><span style=\"font-size: 14pt;\">En cuestiones de justicia, a la parte opuesta se le llama tambi\u00e9n la adversa o incluso, la contraparte. En pendencias o altercados de pol\u00edtica ma\u00f1anera, a la parte antag\u00f3nica se le llama fif\u00ed, conservador, enemigo, opositor. Unos calificativos deprimentes e innecesarios. Claro est\u00e1 que en justicia y pol\u00edtica es normal no adular a quien pretende todo lo opuesto a lo que queremos, a lo que pensamos, a lo que argumentamos. En el \u00e1mbito de justicia si reclamamos una acci\u00f3n nuestra contraria har\u00e1 valer una excepci\u00f3n. La verdad es que si llamamos \u201cla adversa\u201d es porque somos muy respetuosos del contrario. Pero en materia de pol\u00edtica ma\u00f1anera no se justifican los apelativos denigrantes e infamantes. <\/span><\/p>\n<p class=\"p1\"><span style=\"font-size: 14pt;\">Pero, en fin, la cultura nos lleva a los juristas a dirimir nuestras discordias o controversias en los tribunales de justicia y no en tribunas ma\u00f1aneras, con golpes bajos, acordes con las ocurrencias del Presidente de la Rep\u00fablica. <\/span><\/p>\n<p class=\"p1\"><span style=\"font-size: 14pt;\">La \u00fanica profesi\u00f3n que cuenta siempre con un adverso es la de abogado. S\u00f3lo los pol\u00edticos, si es que a ellos puede llam\u00e1rseles profesionistas, cuentan entre sus adversarios con partidos pol\u00edticos. En la actualidad a<span class=\"Apple-converted-space\">\u00a0 <\/span>qui\u00e9n no est\u00e1 acorde con el modo de gobernar de Andr\u00e9s Manuel L\u00f3pez Obrador se le califica como opositor, como enemigo. Esos pol\u00edticos ignoran, como ignoran muchas cosas, que una vez que asumieron su mandato el principal objetivo es crear un clima de confianza para unir a la Naci\u00f3n. Los abogados tenemos como elemento normal en el que nos movemos, la lucha, la contienda, la contradicci\u00f3n de pensar, el antagonismo y el litigio. Por eso, tenemos contrario, a los pol\u00edticos no les es dable ello. <\/span><\/p>\n<p class=\"p1\"><span style=\"font-size: 14pt;\">La consecuencia habitual del actuar de Andr\u00e9s Manuel L\u00f3pez Obrador, en su funci\u00f3n de Presidente Constitucional de los Estados Unidos Mexicanos, es la generaci\u00f3n de odios y aversiones o, en el mejor de los casos, de antipat\u00edas, cr\u00edticas y aborrecimientos. Estos se\u00f1alamientos se han extendido en todo el pueblo de M\u00e9xico. <\/span><\/p>\n<p class=\"p1\"><span style=\"font-size: 14pt;\">Los abogados jam\u00e1s culpamos de todos los males a nuestros hermanos de profesi\u00f3n. Si tenemos la raz\u00f3n en nuestra acci\u00f3n y\/o excepci\u00f3n el juez nos la concede y si ello no acontece as\u00ed la recurrimos, nos inconformamos, pero no desertamos, no injuriamos, no descalificamos; en su caso, hacemos valer, con base en la ley, nuestros recursos. <\/span><\/p>\n<p class=\"p1\"><span style=\"font-size: 14pt;\">Andr\u00e9s Manuel L\u00f3pez Obrador, a contrario sensu, envenena el ambiente, \u00e9l es el \u00fanico responsable de la confronta existente entre los mexicanos. \u00c9l es el responsable directo de que no se alcancen los acuerdos que M\u00e9xico requiere para elevar el vuelo. El ambiente hostil lo adereza desde su palestra tempranera.<\/span><\/p>\n<p class=\"p1\"><span style=\"font-size: 14pt;\">Por todas las antepuestas razones, es de suma importancia para los abogados que el Presidente de la Rep\u00fablica respete y haga respetar las normas contenidas en la Constituci\u00f3n Pol\u00edtica de los Estados Unidos Mexicanos, a fin de lograr que el nombre de M\u00e9xico ilumine a la comunidad nacional y perdure ante el concierto de la naciones.<\/span><\/p>\n<p class=\"p1\"><span style=\"font-size: 14pt;\">Es cuanto.<\/span><\/p>\n<p>&nbsp;<\/p>\n<p>&nbsp;<\/p>\n<p class=\"p1\"><span style=\"font-size: 18pt;\"><strong>Lic. Alberto Woolrich Ortiz<\/strong><\/span><\/p>\n<p class=\"p1\"><span style=\"font-size: 18pt;\"><strong>Presidente de la Academia de Derecho Penal<\/strong><\/span><\/p>\n<p class=\"p1\"><span style=\"font-size: 18pt;\"><strong>del Colegio de Abogados de M\u00e9xico A.C.<\/strong><\/span><\/p>\n<p>&nbsp;<\/p>\n<p>&nbsp;<\/p>\n<p>&nbsp;<\/p>\n","protected":false},"excerpt":{"rendered":"<p>&nbsp; Por Alberto Woolrich Ortiz En cuestiones de justicia, a la parte opuesta se le llama tambi\u00e9n la adversa o<\/p>\n","protected":false},"author":4,"featured_media":3616,"comment_status":"closed","ping_status":"closed","sticky":false,"template":"","format":"standard","meta":{"colormag_page_container_layout":"default_layout","colormag_page_sidebar_layout":"default_layout","_jetpack_memberships_contains_paid_content":false,"footnotes":"","jetpack_publicize_message":"","jetpack_publicize_feature_enabled":true,"jetpack_social_post_already_shared":false,"jetpack_social_options":{"image_generator_settings":{"template":"highway","default_image_id":0,"font":"","enabled":false},"version":2}},"categories":[6],"tags":[],"class_list":["post-3846","post","type-post","status-publish","format-standard","has-post-thumbnail","hentry","category-columnistas"],"jetpack_publicize_connections":[],"jetpack_featured_media_url":"https:\/\/noticiasveracruz.com\/wp-content\/uploads\/2022\/04\/NV-ALBERTO-WOOLRICH-1.png","jetpack_sharing_enabled":true,"publishpress_future_action":{"enabled":false,"date":"2026-05-06 06:27:02","action":"change-status","newStatus":"draft","terms":[],"taxonomy":"category","extraData":[]},"publishpress_future_workflow_manual_trigger":{"enabledWorkflows":[]},"_links":{"self":[{"href":"https:\/\/noticiasveracruz.com\/index.php\/wp-json\/wp\/v2\/posts\/3846","targetHints":{"allow":["GET"]}}],"collection":[{"href":"https:\/\/noticiasveracruz.com\/index.php\/wp-json\/wp\/v2\/posts"}],"about":[{"href":"https:\/\/noticiasveracruz.com\/index.php\/wp-json\/wp\/v2\/types\/post"}],"author":[{"embeddable":true,"href":"https:\/\/noticiasveracruz.com\/index.php\/wp-json\/wp\/v2\/users\/4"}],"replies":[{"embeddable":true,"href":"https:\/\/noticiasveracruz.com\/index.php\/wp-json\/wp\/v2\/comments?post=3846"}],"version-history":[{"count":0,"href":"https:\/\/noticiasveracruz.com\/index.php\/wp-json\/wp\/v2\/posts\/3846\/revisions"}],"wp:featuredmedia":[{"embeddable":true,"href":"https:\/\/noticiasveracruz.com\/index.php\/wp-json\/wp\/v2\/media\/3616"}],"wp:attachment":[{"href":"https:\/\/noticiasveracruz.com\/index.php\/wp-json\/wp\/v2\/media?parent=3846"}],"wp:term":[{"taxonomy":"category","embeddable":true,"href":"https:\/\/noticiasveracruz.com\/index.php\/wp-json\/wp\/v2\/categories?post=3846"},{"taxonomy":"post_tag","embeddable":true,"href":"https:\/\/noticiasveracruz.com\/index.php\/wp-json\/wp\/v2\/tags?post=3846"}],"curies":[{"name":"wp","href":"https:\/\/api.w.org\/{rel}","templated":true}]}}