{"id":38431,"date":"2024-08-23T08:06:08","date_gmt":"2024-08-23T13:06:08","guid":{"rendered":"https:\/\/noticiasveracruz.com\/?p=38431"},"modified":"2024-08-23T08:06:08","modified_gmt":"2024-08-23T13:06:08","slug":"gobierno-de-tuxpan-felicito-y-festejo-a-los-bomberos-en-su-dia","status":"publish","type":"post","link":"https:\/\/noticiasveracruz.com\/index.php\/2024\/08\/23\/gobierno-de-tuxpan-felicito-y-festejo-a-los-bomberos-en-su-dia\/","title":{"rendered":"Gobierno de Tuxpan felicit\u00f3 y festej\u00f3 a los bomberos en su d\u00eda"},"content":{"rendered":"<p><span style=\"font-size: 14pt;\">El gobierno de Tuxpan celebr\u00f3 a las y los integrantes del Honorable Cuerpo de Bomberos quienes, con valent\u00eda y entrega, salvaguardan diariamente la integridad de la ciudadan\u00eda.<\/span><\/p>\n<p><span style=\"font-size: 14pt;\">El evento conmemorativo estuvo presidido por el alcalde Jos\u00e9 Manuel Pozos Castro; las regidoras Mar\u00eda del Pilar Mart\u00ednez Matesanz, Maryanela Monroy Flores, Anah\u00ed Aguilar L\u00f3pez, Lucero Res\u00e9ndis Ambrocio, y el regidor Juan G\u00f3mez Garc\u00eda.<\/span><\/p>\n<p><span style=\"font-size: 14pt;\">El capit\u00e1n de fragata CG DEM Roberto Burgos Ojeda, en representaci\u00f3n de la 5\u00aa Zona Naval y el Mayor de Infanter\u00eda Gabriel de Jes\u00fas del \u00c1ngel Gallegos, en representaci\u00f3n de la 19\u00aa Zona Militar.<\/span><\/p>\n<p><span style=\"font-size: 14pt;\">Tambi\u00e9n estuvieron presentes el Ing. Jos\u00e9 Ren\u00e9 T\u00e9llez Medina, director de Protecci\u00f3n Civil y Bomberos; el teniente Raymundo Torres Cruz, director general de Polic\u00eda Municipal y Aldo Hern\u00e1ndez Betancourt, director de Tr\u00e1nsito Municipal.<\/span><\/p>\n<p><span style=\"font-size: 14pt;\">En nombre del pueblo y el gobierno de Tuxpan, el alcalde expres\u00f3 su reconocimiento: \u201cSu labor no pasa desapercibida y prueba de ello es que estamos aqu\u00ed, junto a integrantes del cuerpo edilicio, no solo para felicitarlos, sino tambi\u00e9n para brindarles un reconocimiento\u201d.<\/span><\/p>\n<p><span style=\"font-size: 14pt;\">\u201cNos consta que cada uno de ustedes responden al llamado del deber con un compromiso de servicio inquebrantable. Todos los d\u00edas protegen lo m\u00e1s preciado que tenemos: nuestras vidas, nuestras familias y nuestra comunidad\u201d, agreg\u00f3.<\/span><\/p>\n<p><span style=\"font-size: 14pt;\">Jos\u00e9 Manuel Pozos Castro destac\u00f3 que Tuxpan tiene bomberos bien preparados, calificados y entrenados, para llevar a cabo acciones protecci\u00f3n, rescate y salvamento, lo que ha llevado a la sociedad a valorar el trabajo que realizan tanto apagando fuegos como brindando apoyo en contingencias meteorol\u00f3gicas.<\/span><\/p>\n<p><span style=\"font-size: 14pt;\">As\u00ed mismo, se comprometi\u00f3 a continuar atendiendo las necesidades de esta noble instituci\u00f3n, que destaca por su valent\u00eda, sacrificio y servicio.<\/span><\/p>\n<p><span style=\"font-size: 14pt;\">Por su parte, la integrante del Cuerpo de Bomberos Perla Abril Cruz Rodr\u00edguez se\u00f1al\u00f3 que desde el inicio de la actual administraci\u00f3n municipal todo el personal ha sido capacitado, obteniendo reconocimientos en varios \u00e1mbitos como primeros auxilios, manejo seguro y adecuado del gas para la prevenci\u00f3n y atenci\u00f3n a siniestros, rescate acu\u00e1tico, manejo de materiales peligrosos y manejo de la fauna silvestre.<\/span><\/p>\n<p><span style=\"font-size: 14pt;\">Dijo sentirse muy orgullosa de pertenecer a la corporaci\u00f3n, agradeci\u00f3 a la poblaci\u00f3n por confiar en ellos para proteger su vida y su patrimonio: \u201cEs un honor servirles y estar para ustedes en los momentos de emergencia, su confianza en nuestro trabajo nos motiva a seguir esforz\u00e1ndonos con dedicaci\u00f3n para proteger y servir a la comunidad tuxpe\u00f1a\u201d.<\/span><\/p>\n<p><span style=\"font-size: 14pt;\">A la conmemoraci\u00f3n se sumaron diversas empresas que colaboraron para llevar a cabo una rifa de electrodom\u00e9sticos.<\/span><\/p>\n","protected":false},"excerpt":{"rendered":"<p>El gobierno de Tuxpan celebr\u00f3 a las y los integrantes del Honorable Cuerpo de Bomberos quienes, con valent\u00eda y entrega,<\/p>\n","protected":false},"author":4,"featured_media":38432,"comment_status":"closed","ping_status":"closed","sticky":false,"template":"","format":"standard","meta":{"colormag_page_container_layout":"default_layout","colormag_page_sidebar_layout":"default_layout","_jetpack_memberships_contains_paid_content":false,"footnotes":"","jetpack_publicize_message":"","jetpack_publicize_feature_enabled":true,"jetpack_social_post_already_shared":true,"jetpack_social_options":{"image_generator_settings":{"template":"highway","default_image_id":0,"font":"","enabled":false},"version":2}},"categories":[3372,356],"tags":[],"class_list":["post-38431","post","type-post","status-publish","format-standard","has-post-thumbnail","hentry","category-gobierno-tuxpan","category-veracruz"],"jetpack_publicize_connections":[],"jetpack_featured_media_url":"https:\/\/noticiasveracruz.com\/wp-content\/uploads\/2024\/08\/7db3631e-261e-468c-8d77-2af7d986a48b.jpg","jetpack_sharing_enabled":true,"publishpress_future_action":{"enabled":false,"date":"2026-05-10 07:12:43","action":"change-status","newStatus":"draft","terms":[],"taxonomy":"category","extraData":[]},"publishpress_future_workflow_manual_trigger":{"enabledWorkflows":[]},"_links":{"self":[{"href":"https:\/\/noticiasveracruz.com\/index.php\/wp-json\/wp\/v2\/posts\/38431","targetHints":{"allow":["GET"]}}],"collection":[{"href":"https:\/\/noticiasveracruz.com\/index.php\/wp-json\/wp\/v2\/posts"}],"about":[{"href":"https:\/\/noticiasveracruz.com\/index.php\/wp-json\/wp\/v2\/types\/post"}],"author":[{"embeddable":true,"href":"https:\/\/noticiasveracruz.com\/index.php\/wp-json\/wp\/v2\/users\/4"}],"replies":[{"embeddable":true,"href":"https:\/\/noticiasveracruz.com\/index.php\/wp-json\/wp\/v2\/comments?post=38431"}],"version-history":[{"count":0,"href":"https:\/\/noticiasveracruz.com\/index.php\/wp-json\/wp\/v2\/posts\/38431\/revisions"}],"wp:featuredmedia":[{"embeddable":true,"href":"https:\/\/noticiasveracruz.com\/index.php\/wp-json\/wp\/v2\/media\/38432"}],"wp:attachment":[{"href":"https:\/\/noticiasveracruz.com\/index.php\/wp-json\/wp\/v2\/media?parent=38431"}],"wp:term":[{"taxonomy":"category","embeddable":true,"href":"https:\/\/noticiasveracruz.com\/index.php\/wp-json\/wp\/v2\/categories?post=38431"},{"taxonomy":"post_tag","embeddable":true,"href":"https:\/\/noticiasveracruz.com\/index.php\/wp-json\/wp\/v2\/tags?post=38431"}],"curies":[{"name":"wp","href":"https:\/\/api.w.org\/{rel}","templated":true}]}}