{"id":3843,"date":"2022-05-02T22:32:07","date_gmt":"2022-05-03T03:32:07","guid":{"rendered":"https:\/\/noticiasveracruz.com\/?p=3843"},"modified":"2022-05-02T22:32:07","modified_gmt":"2022-05-03T03:32:07","slug":"avanza-el-tren-maya-ecosistema-y-arqueologia-protegida","status":"publish","type":"post","link":"https:\/\/noticiasveracruz.com\/index.php\/2022\/05\/02\/avanza-el-tren-maya-ecosistema-y-arqueologia-protegida\/","title":{"rendered":"Avanza el Tren Maya, ecosistema y arqueolog\u00eda protegida"},"content":{"rendered":"<p><span style=\"font-size: 14pt;\"><em><strong>Ciudad de M\u00e9xico.<\/strong> <\/em>El presidente Andr\u00e9s Manuel L\u00f3pez Obrador encabez\u00f3 la presentaci\u00f3n de <strong>avances del Tren Maya<\/strong> y las acciones complementarias que se llevan a cabo para proteger el ecosistema y el patrimonio arqueol\u00f3gico de los estados por donde pasar\u00e1.<\/span><\/p>\n<blockquote><p><span style=\"font-size: 14pt;\">Lo mejor es hablar claro; dar toda la informaci\u00f3n para que la gente tenga todos los elementos y opine con informaci\u00f3n y se vaya formando una idea, un criterio sobre la importancia de este proyecto\u201d, subray\u00f3.<\/span><\/p><\/blockquote>\n<p><span style=\"font-size: 14pt;\">El mandatario reafirm\u00f3 que el Gobierno de M\u00e9xico ha demostrado con hechos ser defensor del ambiente, de la justicia y de los derechos humanos.<\/span><\/p>\n<p><span style=\"font-size: 14pt;\">La secretaria de Medio Ambiente y Recursos Naturales (Semarnat), Mar\u00eda Luisa Albores Gonz\u00e1lez, detall\u00f3 que, a trav\u00e9s del programa Sembrando Vida, a la fecha se han reforestado <strong>450 mil 216 hect\u00e1reas con 450 millones de \u00e1rboles maderables y frutales en Campeche, Chiapas, Quintana Roo, Tabasco y Yucat\u00e1n. En esta labor participan 180 mil 86 campesinas y campesinos de la regi\u00f3n<\/strong>.<\/span><\/p>\n<p>&nbsp;<\/p>\n<p><img loading=\"lazy\" decoding=\"async\" class=\"aligncenter wp-image-2699 size-large\" src=\"http:\/\/politicosaldesnudoqroo.com.mx\/wp-content\/uploads\/2022\/05\/FRcv9MFXwAEuE9X-1024x576.jpeg\" alt=\"\" width=\"800\" height=\"450\" \/><\/p>\n<p>&nbsp;<\/p>\n<p><strong><span style=\"font-size: 18pt;\">LA OBRA SIGUE AVANZANDO<\/span><\/strong><\/p>\n<p><span style=\"font-size: 14pt;\">Desde 2019, la ruta del Tren Maya registra 142 mil 852 hect\u00e1reas reforestadas y 142 millones de \u00e1rboles sembrados con el apoyo de 57 mil 141 trabajadores.<\/span><\/p>\n<p><span style=\"font-size: 14pt;\">La titular de la Semarnat mencion\u00f3 que el programa de Pago por Servicios Ambientales de la Comisi\u00f3n Nacional Forestal (Conafor) reporta 340.4 millones de pesos invertidos, que implican la conservaci\u00f3n de 192 mil 93 hect\u00e1reas.<\/span><\/p>\n<p><strong><span style=\"font-size: 14pt;\">Se\u00f1al\u00f3 la creaci\u00f3n de tres \u00e1reas naturales protegidas en los cinco estados por los que pasa el proyecto Tren Maya: Calakmul II, Parque Nacional del Jaguar y Nuevo Uxmal. Adem\u00e1s, se intervendr\u00e1n 7.5 hect\u00e1reas para el desarrollo del Parque La Plancha, un nuevo espacio p\u00fablico en M\u00e9rida, Yucat\u00e1n.<\/span><\/strong><\/p>\n<p><span style=\"font-size: 14pt;\">La secretaria sostuvo que el Tren Maya tendr\u00e1 el mayor n\u00famero de pasos de fauna; hasta este d\u00eda suman 269 desarrollados. El prop\u00f3sito es fomentar la reintegraci\u00f3n de las especies locales a su h\u00e1bitat, adem\u00e1s de la protecci\u00f3n de jaguares, ranas, serpientes, monos ara\u00f1a, entre otros.<\/span><\/p>\n<p><span style=\"font-size: 14pt;\">En cuanto al salvamento arqueol\u00f3gico en la regi\u00f3n, el director general del Instituto Nacional de Antropolog\u00eda e Historia, Diego Prieto Hern\u00e1ndez, indic\u00f3 que se lleva a cabo la m\u00e1s importante investigaci\u00f3n en la materia, la cual incluye la intervenci\u00f3n de m\u00e1s de 3 mil vestigios y 500 mil tiestos de cer\u00e1mica, entre las que destacan vasijas con escritura antigua; pinturas rupestres y templos.<\/span><\/p>\n<p><img loading=\"lazy\" decoding=\"async\" class=\"aligncenter wp-image-2701 size-large\" src=\"http:\/\/politicosaldesnudoqroo.com.mx\/wp-content\/uploads\/2022\/05\/FQtyjH-XoAUC2ap-1024x560.jpeg\" alt=\"\" width=\"800\" height=\"438\" \/><\/p>\n<p>&nbsp;<\/p>\n<p><strong><span style=\"font-size: 14pt;\">Resalt\u00f3 la contrataci\u00f3n de expertos en estas labores: arque\u00f3logos, antrop\u00f3logos f\u00edsicos, etn\u00f3logos, bi\u00f3logos, ge\u00f3grafos, ge\u00f3matas, top\u00f3grafos, droneros y restauradores. A estos colaboradores se suman m\u00e1s de mil trabajadores de las comunidades en excavaciones, prospecciones y brecheos.<\/span><\/strong><\/p>\n<p><span style=\"font-size: 14pt;\">El director general del Fondo Nacional de Fomento al Turismo, Javier May Rodr\u00edguez, record\u00f3 que el Tren Maya tendr\u00e1 una extensi\u00f3n de mil 554 kil\u00f3metros. Tendr\u00e1 20 estaciones y 14 paraderos; ofrecer\u00e1 servicio de transporte a turistas, pasajeros locales y de carga.<\/span><\/p>\n<p><strong><span style=\"font-size: 14pt;\">Los trenes ser\u00e1n h\u00edbridos, es decir, podr\u00e1n usar di\u00e9sel y energ\u00eda el\u00e9ctrica en 700 kil\u00f3metros de v\u00eda entre M\u00e9rida y Chetumal.<\/span><\/strong><\/p>\n<blockquote><p><span style=\"font-size: 14pt;\">Se crear\u00e1n las condiciones para que la v\u00eda sea electrificada en su totalidad. Para el 2030 se estima la mitigaci\u00f3n de 392 mil toneladas de di\u00f3xido de carbono por el uso del tren en lugar de los automotores\u201d, apunt\u00f3.<\/span><\/p><\/blockquote>\n<p>&nbsp;<\/p>\n<p><img loading=\"lazy\" decoding=\"async\" class=\"aligncenter wp-image-2698 size-large\" src=\"http:\/\/politicosaldesnudoqroo.com.mx\/wp-content\/uploads\/2022\/05\/FQuaXeeXoAQnzTI-1024x683.jpeg\" alt=\"\" width=\"800\" height=\"534\" \/><\/p>\n<p>&nbsp;<\/p>\n<p>&nbsp;<\/p>\n<p>&nbsp;<\/p>\n","protected":false},"excerpt":{"rendered":"<p>Ciudad de M\u00e9xico. El presidente Andr\u00e9s Manuel L\u00f3pez Obrador encabez\u00f3 la presentaci\u00f3n de avances del Tren Maya y las acciones<\/p>\n","protected":false},"author":4,"featured_media":3844,"comment_status":"closed","ping_status":"closed","sticky":false,"template":"","format":"standard","meta":{"colormag_page_container_layout":"default_layout","colormag_page_sidebar_layout":"default_layout","_jetpack_memberships_contains_paid_content":false,"footnotes":"","jetpack_publicize_message":"","jetpack_publicize_feature_enabled":true,"jetpack_social_post_already_shared":false,"jetpack_social_options":{"image_generator_settings":{"template":"highway","default_image_id":0,"font":"","enabled":false},"version":2}},"categories":[4],"tags":[388],"class_list":["post-3843","post","type-post","status-publish","format-standard","has-post-thumbnail","hentry","category-nacional","tag-tren-maya"],"jetpack_publicize_connections":[],"jetpack_featured_media_url":"https:\/\/noticiasveracruz.com\/wp-content\/uploads\/2022\/05\/FRkI8CrXsAIBmMA.jpeg","jetpack_sharing_enabled":true,"publishpress_future_action":{"enabled":false,"date":"2026-05-06 05:54:09","action":"change-status","newStatus":"draft","terms":[],"taxonomy":"category","extraData":[]},"publishpress_future_workflow_manual_trigger":{"enabledWorkflows":[]},"_links":{"self":[{"href":"https:\/\/noticiasveracruz.com\/index.php\/wp-json\/wp\/v2\/posts\/3843","targetHints":{"allow":["GET"]}}],"collection":[{"href":"https:\/\/noticiasveracruz.com\/index.php\/wp-json\/wp\/v2\/posts"}],"about":[{"href":"https:\/\/noticiasveracruz.com\/index.php\/wp-json\/wp\/v2\/types\/post"}],"author":[{"embeddable":true,"href":"https:\/\/noticiasveracruz.com\/index.php\/wp-json\/wp\/v2\/users\/4"}],"replies":[{"embeddable":true,"href":"https:\/\/noticiasveracruz.com\/index.php\/wp-json\/wp\/v2\/comments?post=3843"}],"version-history":[{"count":0,"href":"https:\/\/noticiasveracruz.com\/index.php\/wp-json\/wp\/v2\/posts\/3843\/revisions"}],"wp:featuredmedia":[{"embeddable":true,"href":"https:\/\/noticiasveracruz.com\/index.php\/wp-json\/wp\/v2\/media\/3844"}],"wp:attachment":[{"href":"https:\/\/noticiasveracruz.com\/index.php\/wp-json\/wp\/v2\/media?parent=3843"}],"wp:term":[{"taxonomy":"category","embeddable":true,"href":"https:\/\/noticiasveracruz.com\/index.php\/wp-json\/wp\/v2\/categories?post=3843"},{"taxonomy":"post_tag","embeddable":true,"href":"https:\/\/noticiasveracruz.com\/index.php\/wp-json\/wp\/v2\/tags?post=3843"}],"curies":[{"name":"wp","href":"https:\/\/api.w.org\/{rel}","templated":true}]}}