{"id":38428,"date":"2024-08-23T08:03:48","date_gmt":"2024-08-23T13:03:48","guid":{"rendered":"https:\/\/noticiasveracruz.com\/?p=38428"},"modified":"2024-08-23T08:03:48","modified_gmt":"2024-08-23T13:03:48","slug":"la-jornada-de-salud-multidisciplinaria-continua-siendo-un-gran-apoyo-para-la-salud-visual-y-la-economia-de-las-familias-tuxpenas","status":"publish","type":"post","link":"https:\/\/noticiasveracruz.com\/index.php\/2024\/08\/23\/la-jornada-de-salud-multidisciplinaria-continua-siendo-un-gran-apoyo-para-la-salud-visual-y-la-economia-de-las-familias-tuxpenas\/","title":{"rendered":"La Jornada de Salud Multidisciplinaria contin\u00faa siendo un gran apoyo para la salud visual y la econom\u00eda de las familias tuxpe\u00f1as"},"content":{"rendered":"<p><span style=\"font-size: 14pt;\"><strong>Estas acciones son organizadas por la Sindicatura \u00danica del Gobierno de Tuxpan a cargo de la Mtra. Beatriz Pi\u00f1a<\/strong><\/span><\/p>\n<p><span style=\"font-size: 14pt;\">Este jueves se llev\u00f3 a cabo la cuarta Jornada Multidisciplinaria que realiza la sindicatura \u00fanica del Gobierno de Tuxpan, a cargo de la Mtra. Beatriz Pi\u00f1a Vergara, para acercar diversos servicios a la poblaci\u00f3n.<\/span><\/p>\n<p><span style=\"font-size: 14pt;\">Ante el regreso a clases, y con el apoyo de estilistas profesionales de Stylos Studio, en esta ocasi\u00f3n se atendieron a ni\u00f1as y ni\u00f1os en cortes de cabello.<\/span><\/p>\n<p><span style=\"font-size: 14pt;\">Dentro de la campa\u00f1a de salud visual en la que colabora el Grupo \u00d3ptico del Totonacapan, se practicaron gratuitamente ex\u00e1menes de la vista y se ofreci\u00f3 el recubrimiento antirreflejante sin costo para los estudiantes, lo que les permitir\u00e1 tener una mejor visibilidad en condiciones de luz intensa o al trabajar con dispositivos electr\u00f3nicos.<\/span><\/p>\n<p><span style=\"font-size: 14pt;\">Como cada semana, tambi\u00e9n se brind\u00f3 la oportunidad de adquirir lentes de muy buena calidad, a un bajo costo. <\/span><br \/>\n<span style=\"font-size: 14pt;\">Personas de todas las edades tambi\u00e9n se beneficiaron con cortes de cabello por parte del personal del Instituto de Belleza \u201cThe Queens\u201d.<\/span><\/p>\n<p><span style=\"font-size: 14pt;\">Adem\u00e1s, la fundaci\u00f3n \u201cSin miedo a Trabajar Contigo\u201d imparti\u00f3 una vez m\u00e1s el taller para elaborar diversos art\u00edculos con list\u00f3n, el cual ha tenido una gran aceptaci\u00f3n de la poblaci\u00f3n.<\/span><\/p>\n<p><span style=\"font-size: 14pt;\">La s\u00edndica Mtra. Beatriz Pi\u00f1a Vergara invit\u00f3 nuevamente a la ciudadan\u00eda para que acuda a estas campa\u00f1as todos los jueves en la planta baja de la presidencia municipal, de 10:00 a 15:00 horas, y aprovechen estos beneficios que buscan ser un apoyo a la salud y a la econom\u00eda de las familias tuxpe\u00f1as.<\/span><\/p>\n","protected":false},"excerpt":{"rendered":"<p>Estas acciones son organizadas por la Sindicatura \u00danica del Gobierno de Tuxpan a cargo de la Mtra. Beatriz Pi\u00f1a Este<\/p>\n","protected":false},"author":4,"featured_media":38429,"comment_status":"closed","ping_status":"closed","sticky":false,"template":"","format":"standard","meta":{"colormag_page_container_layout":"default_layout","colormag_page_sidebar_layout":"default_layout","_jetpack_memberships_contains_paid_content":false,"footnotes":"","jetpack_publicize_message":"","jetpack_publicize_feature_enabled":true,"jetpack_social_post_already_shared":true,"jetpack_social_options":{"image_generator_settings":{"template":"highway","default_image_id":0,"font":"","enabled":false},"version":2}},"categories":[3372,356],"tags":[],"class_list":["post-38428","post","type-post","status-publish","format-standard","has-post-thumbnail","hentry","category-gobierno-tuxpan","category-veracruz"],"jetpack_publicize_connections":[],"jetpack_featured_media_url":"https:\/\/noticiasveracruz.com\/wp-content\/uploads\/2024\/08\/6d21065c-77c9-4ee8-a961-50a44b7f61b6.jpg","jetpack_sharing_enabled":true,"publishpress_future_action":{"enabled":false,"date":"2026-05-10 07:12:31","action":"change-status","newStatus":"draft","terms":[],"taxonomy":"category","extraData":[]},"publishpress_future_workflow_manual_trigger":{"enabledWorkflows":[]},"_links":{"self":[{"href":"https:\/\/noticiasveracruz.com\/index.php\/wp-json\/wp\/v2\/posts\/38428","targetHints":{"allow":["GET"]}}],"collection":[{"href":"https:\/\/noticiasveracruz.com\/index.php\/wp-json\/wp\/v2\/posts"}],"about":[{"href":"https:\/\/noticiasveracruz.com\/index.php\/wp-json\/wp\/v2\/types\/post"}],"author":[{"embeddable":true,"href":"https:\/\/noticiasveracruz.com\/index.php\/wp-json\/wp\/v2\/users\/4"}],"replies":[{"embeddable":true,"href":"https:\/\/noticiasveracruz.com\/index.php\/wp-json\/wp\/v2\/comments?post=38428"}],"version-history":[{"count":0,"href":"https:\/\/noticiasveracruz.com\/index.php\/wp-json\/wp\/v2\/posts\/38428\/revisions"}],"wp:featuredmedia":[{"embeddable":true,"href":"https:\/\/noticiasveracruz.com\/index.php\/wp-json\/wp\/v2\/media\/38429"}],"wp:attachment":[{"href":"https:\/\/noticiasveracruz.com\/index.php\/wp-json\/wp\/v2\/media?parent=38428"}],"wp:term":[{"taxonomy":"category","embeddable":true,"href":"https:\/\/noticiasveracruz.com\/index.php\/wp-json\/wp\/v2\/categories?post=38428"},{"taxonomy":"post_tag","embeddable":true,"href":"https:\/\/noticiasveracruz.com\/index.php\/wp-json\/wp\/v2\/tags?post=38428"}],"curies":[{"name":"wp","href":"https:\/\/api.w.org\/{rel}","templated":true}]}}