{"id":3835,"date":"2022-05-02T22:06:27","date_gmt":"2022-05-03T03:06:27","guid":{"rendered":"https:\/\/noticiasveracruz.com\/?p=3835"},"modified":"2022-05-02T22:20:20","modified_gmt":"2022-05-03T03:20:20","slug":"presidente-pide-baje-una-rayita-a-las-declaraciones-de-invasion-de-abbott","status":"publish","type":"post","link":"https:\/\/noticiasveracruz.com\/index.php\/2022\/05\/02\/presidente-pide-baje-una-rayita-a-las-declaraciones-de-invasion-de-abbott\/","title":{"rendered":"Presidente pide \u201cbaje una rayita\u201d a declaraciones de invasi\u00f3n de Abbott"},"content":{"rendered":"<div><\/div>\n<div><span style=\"font-size: 14pt;\"><em><strong>Ciudad de M\u00e9xico. <\/strong><\/em>Despu\u00e9s de que \u00a0<b>Greg Abbott, <\/b>gobernador de Texas se\u00f1alara al New York Times que podr\u00eda invadir M\u00e9xico si la migraci\u00f3n no disminuye, el presidente de M\u00e9xico <b>Andr\u00e9s Manuel L\u00f3pez Obrador dijo\u00a0 <\/b><\/span><span style=\"font-size: 14pt;\">\u201cYo le dir\u00eda que le baje una rayita\u201d<\/span><\/div>\n<div><\/div>\n<div><span style=\"font-size: 14pt;\">Lo invit\u00f3 a escuchar un corrido de<b>\u00a0Los tigres del Norte.\u00a0<\/b><\/span><\/div>\n<blockquote>\n<div><\/div>\n<div><span style=\"font-size: 14pt;\">Estoy escuchando ahora a unos pol\u00edticos de <b>Estados Unidos<\/b>\u00a0que como hay elecciones ya est\u00e1n haciendo acusaciones, hay uno que habla de que va a declarar que los estamos invadiendo, que es una invasi\u00f3n.<b>\u00a0Yo le dir\u00eda que le baje una rayita\u201d<\/b>, dijo el presidente.<\/span><\/div>\n<\/blockquote>\n<div><\/div>\n<div><span style=\"font-size: 14pt;\">En la conferencial matutina el mandatario federal dijo que los dichos del funcionario obedecen a un proceso electoral qu\u00e9 se vive en la <b>Uni\u00f3n Americana.<\/b><\/span><\/div>\n<div><\/div>\n<blockquote>\n<div><span style=\"font-size: 14pt;\">Est\u00e1 bien que est\u00e9 haciendo campa\u00f1a, pero \u00bfc\u00f3mo va hablar de una invasi\u00f3n? Si vamos a esas pues ah\u00ed lo invito que escuche el corrido de <b>Los Tigres del Norte<\/b>\u00a0\u00b4somos m\u00e1s americanos\u00b4,<b>\u00a0ya despu\u00e9s de que los escuche, hablamos<\/b>\u201d, dijo.<\/span><\/div>\n<\/blockquote>\n<div><\/div>\n","protected":false},"excerpt":{"rendered":"<p>Ciudad de M\u00e9xico. Despu\u00e9s de que \u00a0Greg Abbott, gobernador de Texas se\u00f1alara al New York Times que podr\u00eda invadir M\u00e9xico<\/p>\n","protected":false},"author":4,"featured_media":3836,"comment_status":"closed","ping_status":"closed","sticky":false,"template":"","format":"standard","meta":{"colormag_page_container_layout":"default_layout","colormag_page_sidebar_layout":"default_layout","_jetpack_memberships_contains_paid_content":false,"footnotes":"","jetpack_publicize_message":"","jetpack_publicize_feature_enabled":true,"jetpack_social_post_already_shared":false,"jetpack_social_options":{"image_generator_settings":{"template":"highway","default_image_id":0,"font":"","enabled":false},"version":2}},"categories":[4],"tags":[65,538,539],"class_list":["post-3835","post","type-post","status-publish","format-standard","has-post-thumbnail","hentry","category-nacional","tag-andres-manuel-lopez-obrador","tag-greg-abbott","tag-invasion"],"jetpack_publicize_connections":[],"jetpack_featured_media_url":"https:\/\/noticiasveracruz.com\/wp-content\/uploads\/2022\/05\/P-ABBOTT.png","jetpack_sharing_enabled":true,"publishpress_future_action":{"enabled":false,"date":"2026-05-06 04:52:29","action":"change-status","newStatus":"draft","terms":[],"taxonomy":"category","extraData":[]},"publishpress_future_workflow_manual_trigger":{"enabledWorkflows":[]},"_links":{"self":[{"href":"https:\/\/noticiasveracruz.com\/index.php\/wp-json\/wp\/v2\/posts\/3835","targetHints":{"allow":["GET"]}}],"collection":[{"href":"https:\/\/noticiasveracruz.com\/index.php\/wp-json\/wp\/v2\/posts"}],"about":[{"href":"https:\/\/noticiasveracruz.com\/index.php\/wp-json\/wp\/v2\/types\/post"}],"author":[{"embeddable":true,"href":"https:\/\/noticiasveracruz.com\/index.php\/wp-json\/wp\/v2\/users\/4"}],"replies":[{"embeddable":true,"href":"https:\/\/noticiasveracruz.com\/index.php\/wp-json\/wp\/v2\/comments?post=3835"}],"version-history":[{"count":0,"href":"https:\/\/noticiasveracruz.com\/index.php\/wp-json\/wp\/v2\/posts\/3835\/revisions"}],"wp:featuredmedia":[{"embeddable":true,"href":"https:\/\/noticiasveracruz.com\/index.php\/wp-json\/wp\/v2\/media\/3836"}],"wp:attachment":[{"href":"https:\/\/noticiasveracruz.com\/index.php\/wp-json\/wp\/v2\/media?parent=3835"}],"wp:term":[{"taxonomy":"category","embeddable":true,"href":"https:\/\/noticiasveracruz.com\/index.php\/wp-json\/wp\/v2\/categories?post=3835"},{"taxonomy":"post_tag","embeddable":true,"href":"https:\/\/noticiasveracruz.com\/index.php\/wp-json\/wp\/v2\/tags?post=3835"}],"curies":[{"name":"wp","href":"https:\/\/api.w.org\/{rel}","templated":true}]}}