{"id":38303,"date":"2024-08-21T20:53:05","date_gmt":"2024-08-22T01:53:05","guid":{"rendered":"https:\/\/noticiasveracruz.com\/?p=38303"},"modified":"2024-08-21T20:53:05","modified_gmt":"2024-08-22T01:53:05","slug":"la-orquesta-sinfonica-de-xalapa-celebrara-su-95-aniversario","status":"publish","type":"post","link":"https:\/\/noticiasveracruz.com\/index.php\/2024\/08\/21\/la-orquesta-sinfonica-de-xalapa-celebrara-su-95-aniversario\/","title":{"rendered":"La Orquesta Sinf\u00f3nica de Xalapa celebrar\u00e1 su 95 Aniversario"},"content":{"rendered":"<ul>\n<li><span style=\"font-size: 14pt;\">Concierto para viol\u00edn de Schumann con Francisco Fullana.<\/span><\/li>\n<li><span style=\"font-size: 14pt;\">Adem\u00e1s, el famoso \u201cBolero\u201d de Maurice Ravel.<\/span><\/li>\n<\/ul>\n<p><span style=\"font-size: 14pt;\">La Orquesta Sinf\u00f3nica de Xalapa celebrar\u00e1 con el p\u00fablico xalape\u00f1o 95 a\u00f1os de actividad musical ininterrumpida desde Tlaqn\u00e1, Centro Cultural. Consagrada como la orquesta activa m\u00e1s antigua de M\u00e9xico, buscar\u00e1 celebrar \u201ca lo grande\u201d este viernes con uno de los conciertos m\u00e1s atractivos de su segunda temporada.<\/span><br \/>\n<span style=\"font-size: 14pt;\">El programa incluir\u00e1 las obras: Obertura \u201cCarnaval\u201d de Dvo\u0159\u00e1k, \u201cDon Juan\u201d de R. Strauss, \u201cBolero\u201d de Ravel; y como pieza principal, el Concierto para viol\u00edn de Schumann. Con la participaci\u00f3n estelar del aclamado solista, Francisco Fullana, y bajo la batuta de Martin Lebel, director titular.<\/span><br \/>\n<span style=\"font-size: 14pt;\">Este concierto se realizar\u00e1 el viernes 23 de agosto las 20:00 h.<\/span><\/p>\n<p><span style=\"font-size: 14pt;\">En la Obertura \u201cCarnaval\u201d, el compositor checo Anton\u00edn Dvo\u0159\u00e1k (1841-1904) nos transporta a un mundo de alegr\u00eda, color y vitalidad. Escrita en 1891, en plena madurez creativa del compositor, la obra evoca el ambiente festivo y bullicioso de las celebraciones populares, con sus danzas, disfraces y esp\u00edritu de liberaci\u00f3n. <\/span><br \/>\n<span style=\"font-size: 14pt;\">Con su poema sinf\u00f3nico Don Juan, Op. 20, el compositor alem\u00e1n Richard Strauss (1864-1949) nos adentra en el mundo turbulento y apasionado del legendario seductor. Escrita en1889, cuando Strauss contaba apenas 25 a\u00f1os, la obra supuso un hito en la historia de la m\u00fasica program\u00e1tica.<\/span><\/p>\n<p><span style=\"font-size: 14pt;\">Concebida originalmente como m\u00fasica para un ballet, el Bolero del compositor franc\u00e9s Maurice Ravel, se ha convertido en un icono de la m\u00fasica orquestal. Ofreci\u00e9ndonos una obra que hunde sus ra\u00edces en la est\u00e9tica rom\u00e1ntica y al mismo tiempo anticipa la modernidad musical del siglo XX.<\/span><br \/>\n<span style=\"font-size: 14pt;\">El Concierto para viol\u00edn en Re menor de Robert Schumann (1810-1856) es una obra tard\u00eda, compuesta en 1853, apenas tres a\u00f1os antes de la tr\u00e1gica reclusi\u00f3n del compositor en un asilo mental. Schumann, una de las figuras centrales del Romanticismo alem\u00e1n, hab\u00eda alcanzado ya la madurez creativa y vital, pero tambi\u00e9n arrastraba los conflictos y las sombras que marcar\u00edan sus \u00faltimos a\u00f1os. La obra refleja esta dualidad entre la pasi\u00f3n y la introspecci\u00f3n, entre el virtuosismo brillante y la expresi\u00f3n \u00edntima.<\/span><\/p>\n<p><span style=\"font-size: 14pt;\">El violinista, Francisco Fullana, galardonado en 2018 con el Avery Fisher Career Grant, es internacionalmente conocido como solista y pionero en proyectos innovadores de colaboraci\u00f3n junto a j\u00f3venes m\u00fasicos. Su interpretaci\u00f3n es calificada como \u201cla combinaci\u00f3n de la generosidad de Itzhak Perlman y la elegancia aristocr\u00e1tica de Henryk Szeryng\u201d. Fullana toca el viol\u00edn ex-Kreisler Guarneri del Ges\u00f9 \u00abMary Portman\u00bb de 1735, cedido por Clement y Karen Arrison (Sociedad Stradivari de Chicago).<\/span><\/p>\n<p><span style=\"font-size: 14pt;\">\u00daltima semana para adquirir el Abono OSX en las Oficinas de Mercadotecnia OSX en Tlaqn\u00e1, Centro Cultural; de lunes a viernes de 9:00 a 14:30 h. tambi\u00e9n puedes comprar tus boletos en l\u00ednea en www.orquestasinfonicadexalapa.com, Tienda UV, Tienda UV Museo de Antropolog\u00eda y Taquilla Tlaqn\u00e1.<\/span><\/p>\n","protected":false},"excerpt":{"rendered":"<p>Concierto para viol\u00edn de Schumann con Francisco Fullana. Adem\u00e1s, el famoso \u201cBolero\u201d de Maurice Ravel. La Orquesta Sinf\u00f3nica de Xalapa<\/p>\n","protected":false},"author":4,"featured_media":38305,"comment_status":"closed","ping_status":"closed","sticky":false,"template":"","format":"standard","meta":{"colormag_page_container_layout":"default_layout","colormag_page_sidebar_layout":"default_layout","_jetpack_memberships_contains_paid_content":false,"footnotes":"","jetpack_publicize_message":"","jetpack_publicize_feature_enabled":true,"jetpack_social_post_already_shared":true,"jetpack_social_options":{"image_generator_settings":{"template":"highway","default_image_id":0,"font":"","enabled":false},"version":2}},"categories":[358],"tags":[],"class_list":["post-38303","post","type-post","status-publish","format-standard","has-post-thumbnail","hentry","category-cultura"],"jetpack_publicize_connections":[],"jetpack_featured_media_url":"https:\/\/noticiasveracruz.com\/wp-content\/uploads\/2024\/08\/Francisco-Fullana-1\u00a9-Shervin-Laines-1.jpg","jetpack_sharing_enabled":true,"publishpress_future_action":{"enabled":false,"date":"2026-05-08 00:50:43","action":"change-status","newStatus":"draft","terms":[],"taxonomy":"category","extraData":[]},"publishpress_future_workflow_manual_trigger":{"enabledWorkflows":[]},"_links":{"self":[{"href":"https:\/\/noticiasveracruz.com\/index.php\/wp-json\/wp\/v2\/posts\/38303","targetHints":{"allow":["GET"]}}],"collection":[{"href":"https:\/\/noticiasveracruz.com\/index.php\/wp-json\/wp\/v2\/posts"}],"about":[{"href":"https:\/\/noticiasveracruz.com\/index.php\/wp-json\/wp\/v2\/types\/post"}],"author":[{"embeddable":true,"href":"https:\/\/noticiasveracruz.com\/index.php\/wp-json\/wp\/v2\/users\/4"}],"replies":[{"embeddable":true,"href":"https:\/\/noticiasveracruz.com\/index.php\/wp-json\/wp\/v2\/comments?post=38303"}],"version-history":[{"count":0,"href":"https:\/\/noticiasveracruz.com\/index.php\/wp-json\/wp\/v2\/posts\/38303\/revisions"}],"wp:featuredmedia":[{"embeddable":true,"href":"https:\/\/noticiasveracruz.com\/index.php\/wp-json\/wp\/v2\/media\/38305"}],"wp:attachment":[{"href":"https:\/\/noticiasveracruz.com\/index.php\/wp-json\/wp\/v2\/media?parent=38303"}],"wp:term":[{"taxonomy":"category","embeddable":true,"href":"https:\/\/noticiasveracruz.com\/index.php\/wp-json\/wp\/v2\/categories?post=38303"},{"taxonomy":"post_tag","embeddable":true,"href":"https:\/\/noticiasveracruz.com\/index.php\/wp-json\/wp\/v2\/tags?post=38303"}],"curies":[{"name":"wp","href":"https:\/\/api.w.org\/{rel}","templated":true}]}}