{"id":38292,"date":"2024-08-21T08:37:59","date_gmt":"2024-08-21T13:37:59","guid":{"rendered":"https:\/\/noticiasveracruz.com\/?p=38292"},"modified":"2024-08-21T08:37:59","modified_gmt":"2024-08-21T13:37:59","slug":"una-temporada-vacacional-exitosa-en-veracruz-alcaldesa","status":"publish","type":"post","link":"https:\/\/noticiasveracruz.com\/index.php\/2024\/08\/21\/una-temporada-vacacional-exitosa-en-veracruz-alcaldesa\/","title":{"rendered":"Una temporada vacacional exitosa en Veracruz: Alcaldesa"},"content":{"rendered":"<p><span style=\"font-size: 14pt;\">Se va a cerrar una temporada vacacional de verano exitosa, asegur\u00f3 la alcaldesa de Veracruz, Patricia Lobeira Rodr\u00edguez.<\/span><\/p>\n<p><span style=\"font-size: 14pt;\">Dijo que se ha registrado una afluencia constante a pesar de ser un mes y medio de vacaciones, con restaurantes llenos, hoteles con buena ocupaci\u00f3n y comercios con muchos visitantes.<\/span><\/p>\n<p><span style=\"font-size: 14pt;\">Celebr\u00f3 que Veracruz siga estando en la preferencia de los visitantes, ya que eso beneficia a los diferentes prestadores de servicios tur\u00edsticos.<\/span><\/p>\n<p><span style=\"font-size: 14pt;\">Atribuy\u00f3 la afluencia al trabajo de promoci\u00f3n para colocar a Veracruz entre los destinos tur\u00edsticos de mayor preferencia.<\/span><\/p>\n<p><span style=\"font-size: 14pt;\">\u00abVemos restaurantes llenos, hoteles y comercios con gente, como siempre lo menciono eso se debe al trabajo y esfuerzo que hemos hecho en la zona conurbada para colocar a Veracruz en un buen lugar a nivel nacional, dijo.\u00a0<\/span><\/p>\n","protected":false},"excerpt":{"rendered":"<p>Se va a cerrar una temporada vacacional de verano exitosa, asegur\u00f3 la alcaldesa de Veracruz, Patricia Lobeira Rodr\u00edguez. Dijo que<\/p>\n","protected":false},"author":4,"featured_media":38293,"comment_status":"closed","ping_status":"closed","sticky":false,"template":"","format":"standard","meta":{"colormag_page_container_layout":"default_layout","colormag_page_sidebar_layout":"default_layout","_jetpack_memberships_contains_paid_content":false,"footnotes":"","jetpack_publicize_message":"","jetpack_publicize_feature_enabled":true,"jetpack_social_post_already_shared":true,"jetpack_social_options":{"image_generator_settings":{"template":"highway","default_image_id":0,"font":"","enabled":false},"version":2}},"categories":[356],"tags":[],"class_list":["post-38292","post","type-post","status-publish","format-standard","has-post-thumbnail","hentry","category-veracruz"],"jetpack_publicize_connections":[],"jetpack_featured_media_url":"https:\/\/noticiasveracruz.com\/wp-content\/uploads\/2024\/08\/una-temporada-vacacional-exitosa-en-veracruz-alcaldesa-543972.jpeg","jetpack_sharing_enabled":true,"publishpress_future_action":{"enabled":false,"date":"2026-05-08 04:37:08","action":"change-status","newStatus":"draft","terms":[],"taxonomy":"category","extraData":[]},"publishpress_future_workflow_manual_trigger":{"enabledWorkflows":[]},"_links":{"self":[{"href":"https:\/\/noticiasveracruz.com\/index.php\/wp-json\/wp\/v2\/posts\/38292","targetHints":{"allow":["GET"]}}],"collection":[{"href":"https:\/\/noticiasveracruz.com\/index.php\/wp-json\/wp\/v2\/posts"}],"about":[{"href":"https:\/\/noticiasveracruz.com\/index.php\/wp-json\/wp\/v2\/types\/post"}],"author":[{"embeddable":true,"href":"https:\/\/noticiasveracruz.com\/index.php\/wp-json\/wp\/v2\/users\/4"}],"replies":[{"embeddable":true,"href":"https:\/\/noticiasveracruz.com\/index.php\/wp-json\/wp\/v2\/comments?post=38292"}],"version-history":[{"count":0,"href":"https:\/\/noticiasveracruz.com\/index.php\/wp-json\/wp\/v2\/posts\/38292\/revisions"}],"wp:featuredmedia":[{"embeddable":true,"href":"https:\/\/noticiasveracruz.com\/index.php\/wp-json\/wp\/v2\/media\/38293"}],"wp:attachment":[{"href":"https:\/\/noticiasveracruz.com\/index.php\/wp-json\/wp\/v2\/media?parent=38292"}],"wp:term":[{"taxonomy":"category","embeddable":true,"href":"https:\/\/noticiasveracruz.com\/index.php\/wp-json\/wp\/v2\/categories?post=38292"},{"taxonomy":"post_tag","embeddable":true,"href":"https:\/\/noticiasveracruz.com\/index.php\/wp-json\/wp\/v2\/tags?post=38292"}],"curies":[{"name":"wp","href":"https:\/\/api.w.org\/{rel}","templated":true}]}}