{"id":3829,"date":"2022-05-02T21:25:36","date_gmt":"2022-05-03T02:25:36","guid":{"rendered":"https:\/\/noticiasveracruz.com\/?p=3829"},"modified":"2022-05-02T21:25:36","modified_gmt":"2022-05-03T02:25:36","slug":"marzo-record-en-detencion-de-inmigrantes-en-eu","status":"publish","type":"post","link":"https:\/\/noticiasveracruz.com\/index.php\/2022\/05\/02\/marzo-record-en-detencion-de-inmigrantes-en-eu\/","title":{"rendered":"Marzo, r\u00e9cord en detenci\u00f3n de inmigrantes en EU"},"content":{"rendered":"<p class=\"p1\"><span style=\"font-size: 14pt;\"><em><strong>California.<\/strong> <\/em><strong>R\u00e9cord in\u00e9dito en 22 a\u00f1os en las detenciones de migrantes<\/strong> sin documentos regulares en la frontera de EU con M\u00e9xico, las autoridades fronterizas <strong>interceptaron migrantes m\u00e1s de 221 mil veces, un 33 % m\u00e1s que en febrero<\/strong>, seg\u00fan datos de la Oficina de Aduanas y Protecci\u00f3n Fronteriza de EU.<\/span><\/p>\n<p class=\"p1\"><span style=\"font-size: 14pt;\"> Tanto Biden como L\u00f3pez Obrador han llegado a un acuerdo para crear herramientas m\u00e1s fuertes para gestionar este incremento.<\/span><\/p>\n<blockquote>\n<p class=\"p1\"><span style=\"font-size: 14pt;\">Jen Psaki, secretaria de Prensa de la Casa Blanca, se\u00f1ala:\u00bbHay un amplio plan sobre el papel que incluye un enfoque de seis pilares para planificar y preparar el levantamiento delT\u00edtulo 42, incluyendo el aumento de los recursos, el personal, el transporte, las instalaciones de apoyo m\u00e9dico para apoyar las operaciones fronterizas\u00bb<\/span><\/p>\n<\/blockquote>\n<p class=\"p1\"><span style=\"font-size: 14pt;\">De momento,\u00a0Estados Unidos\u00a0deporta autom\u00e1ticamente a la mayor\u00eda de los indocumentados que llegan a su frontera sur, sin darles la oportunidad de solicitar asilo, en virtud del\u00a0T\u00edtulo 42\u00a0que est\u00e1 amparado en la pandemia. <\/span><\/p>\n<p class=\"p1\"><strong><span style=\"font-size: 14pt;\">Movimientos en defensa de los migrantes en M\u00e9xico exigen que cuanto antes se levante este art\u00edculo.<\/span><\/strong><\/p>\n<blockquote>\n<p class=\"p1\"><span style=\"font-size: 14pt;\">Jos\u00e9 Mar\u00eda Lara, l\u00edder del Movimiento Juvenil Refugio 2000: \u00abYa hab\u00edan dicho que se iba a quitar el t\u00edtulo 42 para mayo, para el 23 de mayo y mira ahora nuevamente un juez federal pone ah\u00ed que se tiene que volver a activar y como una nueva manera de retener el flujo migratorio de lo cual no estamos de acuerdo puesto que hay mucha comunidad aqu\u00ed en la frontera que est\u00e1 esperando entrar, solicitando el asilo o la ayuda humanitaria\u201d<\/span><\/p>\n<\/blockquote>\n<p class=\"p1\"><strong><span style=\"font-size: 14pt;\">La nacionalidad de los migrantes que llegan est\u00e1 cambiando tambi\u00e9n: el 40 % de los interceptados en marzo no eran ni de\u00a0M\u00e9xico\u00a0ni de pa\u00edses centroamericanos. Muchos llegaron de Cuba, Nicaragua o Colombia, de acuerdo con los mismos datos.<\/span><\/strong><\/p>\n<p class=\"p1\"><span style=\"font-size: 14pt;\">Los Centros para el Control y Prevenci\u00f3n de Enfermedades estadounidenses (CDC, en ingl\u00e9s) anunciaron recientemente su plan de rescindir el pr\u00f3ximo 23 de mayo esa norma, que se impuso en 2020 bajo el mandato de Donald Trump y que Biden ha mantenido.<\/span><\/p>\n<p>&nbsp;<\/p>\n<p class=\"p1\"><strong><span style=\"font-size: 18pt;\">\u00bfQu\u00e9 pasara con el T\u00edtulo 42?<\/span><\/strong><\/p>\n<p class=\"p1\"><span style=\"font-size: 14pt;\">No obstante, ese plan est\u00e1 en manos de un juez de Luisiana, que ha suspendido por 14 d\u00edas los preparativos de la Administraci\u00f3n para acabar con esa norma.<\/span><\/p>\n<p class=\"p1\"><strong><span style=\"font-size: 14pt;\">El magistrado ha fijado una audiencia para el pr\u00f3ximo d\u00eda 13 de mayo, en la que podr\u00eda adoptar una resoluci\u00f3n definitiva sobre el futuro del T\u00edtulo 42.<\/span><\/strong><\/p>\n<p class=\"p1\"><span style=\"font-size: 14pt;\">Aunque no est\u00e1 claro si la medida acabar\u00e1 finalmente el 23 de mayo, el tema ha entrado con fuerza en el debate pol\u00edtico de Estados Unidos, donde la oposici\u00f3n republicana trata de sacar r\u00e9dito partidista a la perspectiva de una ola migratoria masiva cuando acabe esa norma.<\/span><\/p>\n<p class=\"p1\"><span style=\"font-size: 14pt;\">A seis meses de las elecciones legislativas de noviembre, la Casa Blanca quiere evitar una crisis humanitaria en la frontera que pueda perjudicar a los candidatos dem\u00f3cratas, y ya prepara un plan para reforzar la zona lim\u00edtrofe con M\u00e9xico.<\/span><\/p>\n<p>&nbsp;<\/p>\n<p><strong><span style=\"font-size: 18pt;\">Informaci\u00f3n: EFE<\/span><\/strong><\/p>\n<p>&nbsp;<\/p>\n<p>&nbsp;<\/p>\n","protected":false},"excerpt":{"rendered":"<p>California. R\u00e9cord in\u00e9dito en 22 a\u00f1os en las detenciones de migrantes sin documentos regulares en la frontera de EU con<\/p>\n","protected":false},"author":4,"featured_media":3830,"comment_status":"closed","ping_status":"closed","sticky":false,"template":"","format":"standard","meta":{"colormag_page_container_layout":"default_layout","colormag_page_sidebar_layout":"default_layout","_jetpack_memberships_contains_paid_content":false,"footnotes":"","jetpack_publicize_message":"","jetpack_publicize_feature_enabled":true,"jetpack_social_post_already_shared":false,"jetpack_social_options":{"image_generator_settings":{"template":"highway","default_image_id":0,"font":"","enabled":false},"version":2}},"categories":[355],"tags":[152,31,418],"class_list":["post-3829","post","type-post","status-publish","format-standard","has-post-thumbnail","hentry","category-internacional","tag-eu","tag-mexico","tag-migracion"],"jetpack_publicize_connections":[],"jetpack_featured_media_url":"https:\/\/noticiasveracruz.com\/wp-content\/uploads\/2022\/05\/P-MIGRACIO\u0301N.png","jetpack_sharing_enabled":true,"publishpress_future_action":{"enabled":false,"date":"2026-05-06 03:47:45","action":"change-status","newStatus":"draft","terms":[],"taxonomy":"category","extraData":[]},"publishpress_future_workflow_manual_trigger":{"enabledWorkflows":[]},"_links":{"self":[{"href":"https:\/\/noticiasveracruz.com\/index.php\/wp-json\/wp\/v2\/posts\/3829","targetHints":{"allow":["GET"]}}],"collection":[{"href":"https:\/\/noticiasveracruz.com\/index.php\/wp-json\/wp\/v2\/posts"}],"about":[{"href":"https:\/\/noticiasveracruz.com\/index.php\/wp-json\/wp\/v2\/types\/post"}],"author":[{"embeddable":true,"href":"https:\/\/noticiasveracruz.com\/index.php\/wp-json\/wp\/v2\/users\/4"}],"replies":[{"embeddable":true,"href":"https:\/\/noticiasveracruz.com\/index.php\/wp-json\/wp\/v2\/comments?post=3829"}],"version-history":[{"count":0,"href":"https:\/\/noticiasveracruz.com\/index.php\/wp-json\/wp\/v2\/posts\/3829\/revisions"}],"wp:featuredmedia":[{"embeddable":true,"href":"https:\/\/noticiasveracruz.com\/index.php\/wp-json\/wp\/v2\/media\/3830"}],"wp:attachment":[{"href":"https:\/\/noticiasveracruz.com\/index.php\/wp-json\/wp\/v2\/media?parent=3829"}],"wp:term":[{"taxonomy":"category","embeddable":true,"href":"https:\/\/noticiasveracruz.com\/index.php\/wp-json\/wp\/v2\/categories?post=3829"},{"taxonomy":"post_tag","embeddable":true,"href":"https:\/\/noticiasveracruz.com\/index.php\/wp-json\/wp\/v2\/tags?post=3829"}],"curies":[{"name":"wp","href":"https:\/\/api.w.org\/{rel}","templated":true}]}}