{"id":38286,"date":"2024-08-21T08:35:11","date_gmt":"2024-08-21T13:35:11","guid":{"rendered":"https:\/\/noticiasveracruz.com\/?p=38286"},"modified":"2024-08-21T08:35:11","modified_gmt":"2024-08-21T13:35:11","slug":"jueces-y-magistrados-declaran-suspension-de-actividades-desde-el-primer-minuto-el-21-de-agosto","status":"publish","type":"post","link":"https:\/\/noticiasveracruz.com\/index.php\/2024\/08\/21\/jueces-y-magistrados-declaran-suspension-de-actividades-desde-el-primer-minuto-el-21-de-agosto\/","title":{"rendered":"Jueces y magistrados declaran suspensi\u00f3n de actividades desde el primer minuto el 21 de agosto"},"content":{"rendered":"<div>\n<div id=\"content-body-225-12430739\">\n<p><span style=\"font-size: 14pt;\">La\u00a0Asociaci\u00f3n de Magistrados de Circuito y Jueces de Distrito del Poder Judicial de la Federaci\u00f3n\u00a0(JUFED) emiti\u00f3 una declaratoria formal de\u00a0suspensi\u00f3n de actividades\u00a0en diversos \u00f3rganos jurisdiccionales, a excepci\u00f3n de la Suprema Corte de Justicia de la Naci\u00f3n y al Tribunal Electoral del Poder Judicial de la Federaci\u00f3n.<\/span><\/p>\n<p><span style=\"font-size: 14pt;\">Esta medida, apunta la Asociaci\u00f3n, abarca\u00a0plenos regionales, tribunales colegiados de circuito y de apelaci\u00f3n, juzgados de distrito, tribunales laborales federales, entre otros.<\/span><\/p>\n<\/div>\n<\/div>\n<div>\n<div id=\"dfp-nota-1x3s\" data-google-query-id=\"CJ-0xrmZhogDFfGCAAAdVzk4Hw\">\n<div id=\"google_ads_iframe_\/2000002\/la-prensa\/mexico_nota_1x3_0__container__\"><span style=\"font-size: 14pt;\">La suspensi\u00f3n de actividades comenzar\u00e1 a las cero horas del mi\u00e9rcoles 21 de agosto de 2024, y se mantendr\u00e1 vigente hasta que los legisladores de la C\u00e1mara de Diputados\u00a0detengan el actual proceso de reforma judicial, \u201cdadas sus tantas imperfecciones\u201d, se\u00f1ala la JUFED.<\/span><\/div>\n<\/div>\n<\/div>\n<article>\n<div id=\"content-body-5851641-12430739\">\n<p><span style=\"font-size: 14pt;\">Igualmente, los impartidores de justicia\u00a0exigen la instalaci\u00f3n inmediata de una mesa de di\u00e1logo\u00a0con los grupos parlamentarios del Congreso de la Uni\u00f3n, para tener\u00a0acuerdos respecto a la reforma judicial.<\/span><\/p>\n<section>\n<div>\n<div>\n<div><span style=\"font-size: 14pt;\">La JUFED inform\u00f3 que durante este periodo de paro de labores, el personal de los tribunales y juzgados dejar\u00e1 de tramitar todos los asuntos jurisdiccionales, no realizar\u00e1 audiencias, diligencias ni actos procesales, y no responder\u00e1 a ninguna demanda, promoci\u00f3n, oficio o escrito.<\/span><\/div>\n<\/div>\n<\/div>\n<\/section>\n<p><span style=\"font-size: 14pt;\">Ello,\u00a0a excepci\u00f3n de ciertos casos considerados de especial relevancia, los cuales deber\u00e1n atenderse de manera urgente y utilizando, en la medida de lo posible, el teletrabajo.<\/span><\/p>\n<p><span style=\"font-size: 14pt;\">Entre los casos urgentes se incluyen: en los\u00a0Centros de Justicia Penal Federal, la calificaci\u00f3n de detenciones y vinculaciones a proceso; en los\u00a0Juzgados de Distrito, la tramitaci\u00f3n de asuntos que impliquen peligro a la vida o integridad de las personas; y en los\u00a0Tribunales Laborales Federales, los procedimientos relacionados con huelgas. Esto mismo fue estipulado por el Pleno del Consejo de la Judicatura Federal mediante una circular.<\/span><\/p>\n<p><span style=\"font-size: 14pt;\">La JUFED, a trav\u00e9s de su directora nacional Juana Fuentes Vel\u00e1zquez, consider\u00f3 que\u00a0existi\u00f3 una falta de voluntad por parte de la actual legislatura para atender las cr\u00edticas de la sociedad civil y de la judicatura\u00a0sobre la reforma judicial propuesta el 5 de febrero de 2024 por el Presidente de la Rep\u00fablica.<\/span><\/p>\n<section>\n<article>\n<div>\n<div>\n<div id=\"standard_2\">\n<div><span style=\"font-size: 14pt;\">Seg\u00fan la JUFED, esta iniciativa es \u00abcontraria en grado extremo a los principios que rigen una rep\u00fablica democr\u00e1tica, representativa y federal, tales como la divisi\u00f3n de poderes y la tutela judicial efectiva de la ciudadan\u00eda, y especialmente el de independencia judicial.\u00bb<\/span><\/div>\n<\/div>\n<\/div>\n<\/div>\n<\/article>\n<\/section>\n<p><span style=\"font-size: 14pt;\">Asimismo,\u00a0JUFED\u00a0se reconoce como mandataria de la voluntad mayoritaria de magistrados, jueces, secretarios y otros servidores p\u00fablicos del Poder Judicial que votaron a favor de la suspensi\u00f3n el 19 de agosto de 2024.<\/span><\/p>\n<p><span style=\"font-size: 14pt;\">Finalmente, jueces y magistrados convocaron a una mesa de di\u00e1logo con los grupos parlamentarios del Congreso, liderada por la\u00a0Directora Nacional\u00a0de la\u00a0JUFED, la jueza de distrito Juana Fuentes Vel\u00e1zquez, para discutir y acordar los pasos a seguir en defensa de la independencia judicial.<\/span><\/p>\n<p><span style=\"font-size: 14pt;\">\u201cLa iniciativa mencionada es contraria en grado extremo a los principios que rigen una rep\u00fablica democr\u00e1tica, representativa y federal, tales como la divisi\u00f3n de poderes y la tutela judicial efectiva de la ciudadan\u00eda, y especialmente el de independencia judicial\u201d, se\u00f1al\u00f3 la\u00a0JUFED.<\/span><\/p>\n<\/div>\n<\/article>\n","protected":false},"excerpt":{"rendered":"<p>La\u00a0Asociaci\u00f3n de Magistrados de Circuito y Jueces de Distrito del Poder Judicial de la Federaci\u00f3n\u00a0(JUFED) emiti\u00f3 una declaratoria formal de\u00a0suspensi\u00f3n<\/p>\n","protected":false},"author":4,"featured_media":38287,"comment_status":"closed","ping_status":"closed","sticky":false,"template":"","format":"standard","meta":{"colormag_page_container_layout":"default_layout","colormag_page_sidebar_layout":"default_layout","_jetpack_memberships_contains_paid_content":false,"footnotes":"","jetpack_publicize_message":"","jetpack_publicize_feature_enabled":true,"jetpack_social_post_already_shared":true,"jetpack_social_options":{"image_generator_settings":{"template":"highway","default_image_id":0,"font":"","enabled":false},"version":2}},"categories":[4],"tags":[],"class_list":["post-38286","post","type-post","status-publish","format-standard","has-post-thumbnail","hentry","category-nacional"],"jetpack_publicize_connections":[],"jetpack_featured_media_url":"https:\/\/noticiasveracruz.com\/wp-content\/uploads\/2024\/08\/Jueces-y-magistrados-se-uniran-al-paro-del-PJF.png","jetpack_sharing_enabled":true,"publishpress_future_action":{"enabled":false,"date":"2026-05-08 06:17:58","action":"change-status","newStatus":"draft","terms":[],"taxonomy":"category","extraData":[]},"publishpress_future_workflow_manual_trigger":{"enabledWorkflows":[]},"_links":{"self":[{"href":"https:\/\/noticiasveracruz.com\/index.php\/wp-json\/wp\/v2\/posts\/38286","targetHints":{"allow":["GET"]}}],"collection":[{"href":"https:\/\/noticiasveracruz.com\/index.php\/wp-json\/wp\/v2\/posts"}],"about":[{"href":"https:\/\/noticiasveracruz.com\/index.php\/wp-json\/wp\/v2\/types\/post"}],"author":[{"embeddable":true,"href":"https:\/\/noticiasveracruz.com\/index.php\/wp-json\/wp\/v2\/users\/4"}],"replies":[{"embeddable":true,"href":"https:\/\/noticiasveracruz.com\/index.php\/wp-json\/wp\/v2\/comments?post=38286"}],"version-history":[{"count":0,"href":"https:\/\/noticiasveracruz.com\/index.php\/wp-json\/wp\/v2\/posts\/38286\/revisions"}],"wp:featuredmedia":[{"embeddable":true,"href":"https:\/\/noticiasveracruz.com\/index.php\/wp-json\/wp\/v2\/media\/38287"}],"wp:attachment":[{"href":"https:\/\/noticiasveracruz.com\/index.php\/wp-json\/wp\/v2\/media?parent=38286"}],"wp:term":[{"taxonomy":"category","embeddable":true,"href":"https:\/\/noticiasveracruz.com\/index.php\/wp-json\/wp\/v2\/categories?post=38286"},{"taxonomy":"post_tag","embeddable":true,"href":"https:\/\/noticiasveracruz.com\/index.php\/wp-json\/wp\/v2\/tags?post=38286"}],"curies":[{"name":"wp","href":"https:\/\/api.w.org\/{rel}","templated":true}]}}